{"id":658,"date":"2015-12-03T10:38:59","date_gmt":"2015-12-03T10:38:59","guid":{"rendered":"http:\/\/wp2.edge.is\/?p=658"},"modified":"2016-11-08T10:39:18","modified_gmt":"2016-11-08T10:39:18","slug":"reglur-um-grunnthaetti-opinberrar-skjalavorslu","status":"publish","type":"post","link":"https:\/\/heradsskjalasafn.is\/?p=658","title":{"rendered":"Reglur um grunn\u00fe\u00e6tti opinberrar skjalav\u00f6rslu"},"content":{"rendered":"<p>Endursko\u00f0a\u00f0ar reglur um m\u00e1lalykla, skjalavistunar\u00e1\u00e6tlanir og fr\u00e1gang papp\u00edrsskjala hafa veri\u00f0 augl\u00fdstar \u00ed B-deild Stj\u00f3rnart\u00ed\u00f0inda. Reglurnar voru sta\u00f0festar af Mennta- og menningarm\u00e1lar\u00e1\u00f0herra 9. j\u00fan\u00ed 2015 og\u00a0t\u00f3ku gildi 1. j\u00fal\u00ed 2015.<\/p>\n<p><a href=\"http:\/\/www.stjornartidindi.is\/Advert.aspx?RecordID=9a0fbdef-037b-47b5-8aa4-f091ea07eb51\" target=\"_blank\">Reglur um skjalavistunar\u00e1\u00e6tlanir afhendingarskyldra a\u00f0ila nr. 571\/2015<\/a><\/p>\n<p><a href=\"http:\/\/www.stjornartidindi.is\/Advert.aspx?RecordID=5105fbda-fc5d-4397-81d2-9eda200ce577\" target=\"_blank\">Reglur um m\u00e1lalykla afhendingarskyldra a\u00f0ila nr. 572\/2015<\/a><\/p>\n<p><a href=\"http:\/\/www.stjornartidindi.is\/Advert.aspx?RecordID=6470fa8b-0e7d-43e1-bf2e-cbc1685ad7eb\" target=\"_blank\">Reglur um fr\u00e1gang, skr\u00e1ningu og afhendingu papp\u00edrsskjala afhendingarskyldra a\u00f0ila nr. 573\/2015<\/a><\/p>\n<p>Endursko\u00f0un reglnanna kemur til vegna n\u00fdlegra laga um opinber skjalas\u00f6fn nr. 77\/2014. Breytingar fr\u00e1 fyrri l\u00f6gum fela \u00ed s\u00e9r tilv\u00edsanir \u00ed l\u00f6g, sameinu\u00f0 \u00e1kv\u00e6\u00f0i og breytingu or\u00f0alags. Reglurnar voru <a href=\"http:\/\/skjalasafn.is\/frettir\/endurskodadar_reglur_til_umsagnar\" target=\"_blank\">augl\u00fdstar til umsagnar 13. febr\u00faar 2015 <\/a><br \/>\nog b\u00e1rust umsagnir fr\u00e1 fj\u00f3rum a\u00f0ilum. H\u00e9r m\u00e1 sj\u00e1 <a href=\"http:\/\/heradsskjalasafn.is\/wp-content\/uploads\/2015\/12\/Umsogn9mars2015.pdf\" target=\"_blank\">ums\u00f6gn h\u00e9ra\u00f0sskjalavar\u00f0ar K\u00f3pavogs.<\/a><\/p>\n<p>Reglurnar\u00a0leystu af h\u00f3lmi\u00a0eftirtaldar regluger\u00f0ir fr\u00e1 2010 sem \u00fear me\u00f0 eru fallnar \u00far gildi.<br \/>\n<a href=\"http:\/\/www.stjornartidindi.is\/Advert.aspx?ID=3cdb189f-3f17-43d7-85f9-880fe5f31341\" target=\"_blank\">Reglur \u00dej\u00f3\u00f0skjalasafns \u00cdslands um skjalavistunar\u00e1\u00e6tlanir afhendingarskyldra a\u00f0ila nr. 623\/2010<\/a><\/p>\n<p><a href=\"http:\/\/www.stjornartidindi.is\/Advert.aspx?ID=38fccc6e-95ab-4052-a41b-d0c790a03e44\" target=\"_blank\">Reglur \u00dej\u00f3\u00f0skjalasafns \u00cdslands um m\u00e1lalykla afhendingarskyldra a\u00f0ila nr. 622\/2010<\/a><\/p>\n<p><a href=\"http:\/\/www.stjornartidindi.is\/Advert.aspx?ID=0bbe6eaa-14ec-49ac-a39c-80a6295dab44\" target=\"_blank\">Reglur \u00dej\u00f3\u00f0skjalasafns \u00cdslands um fr\u00e1gang, skr\u00e1ningu og afhendingu papp\u00edrsskjala afhendingarskyldra a\u00f0ila nr. 1065\/2010<\/a><\/p>\n<p>&nbsp;<\/p>\n","protected":false},"excerpt":{"rendered":"<p>Endursko\u00f0a\u00f0ar reglur um m\u00e1lalykla, skjalavistunar\u00e1\u00e6tlanir og fr\u00e1gang papp\u00edrsskjala hafa veri\u00f0 augl\u00fdstar \u00ed B-deild Stj\u00f3rnart\u00ed\u00f0inda. Reglurnar voru sta\u00f0festar af Mennta- og menningarm\u00e1lar\u00e1\u00f0herra 9. j\u00fan\u00ed 2015 og\u00a0t\u00f3ku gildi 1. j\u00fal\u00ed 2015. Reglur um skjalavistunar\u00e1\u00e6tlanir afhendingarskyldra a\u00f0ila nr. 571\/2015 Reglur um m\u00e1lalykla afhendingarskyldra<\/p>\n","protected":false},"author":2,"featured_media":0,"comment_status":"closed","ping_status":"closed","sticky":false,"template":"","format":"standard","meta":{"footnotes":""},"categories":[5],"tags":[],"class_list":["post-658","post","type-post","status-publish","format-standard","hentry","category-frettir"],"_links":{"self":[{"href":"https:\/\/heradsskjalasafn.is\/index.php?rest_route=\/wp\/v2\/posts\/658","targetHints":{"allow":["GET"]}}],"collection":[{"href":"https:\/\/heradsskjalasafn.is\/index.php?rest_route=\/wp\/v2\/posts"}],"about":[{"href":"https:\/\/heradsskjalasafn.is\/index.php?rest_route=\/wp\/v2\/types\/post"}],"author":[{"embeddable":true,"href":"https:\/\/heradsskjalasafn.is\/index.php?rest_route=\/wp\/v2\/users\/2"}],"replies":[{"embeddable":true,"href":"https:\/\/heradsskjalasafn.is\/index.php?rest_route=%2Fwp%2Fv2%2Fcomments&post=658"}],"version-history":[{"count":1,"href":"https:\/\/heradsskjalasafn.is\/index.php?rest_route=\/wp\/v2\/posts\/658\/revisions"}],"predecessor-version":[{"id":659,"href":"https:\/\/heradsskjalasafn.is\/index.php?rest_route=\/wp\/v2\/posts\/658\/revisions\/659"}],"wp:attachment":[{"href":"https:\/\/heradsskjalasafn.is\/index.php?rest_route=%2Fwp%2Fv2%2Fmedia&parent=658"}],"wp:term":[{"taxonomy":"category","embeddable":true,"href":"https:\/\/heradsskjalasafn.is\/index.php?rest_route=%2Fwp%2Fv2%2Fcategories&post=658"},{"taxonomy":"post_tag","embeddable":true,"href":"https:\/\/heradsskjalasafn.is\/index.php?rest_route=%2Fwp%2Fv2%2Ftags&post=658"}],"curies":[{"name":"wp","href":"https:\/\/api.w.org\/{rel}","templated":true}]}}