{"id":337,"date":"2011-05-11T10:56:23","date_gmt":"2011-05-11T10:56:23","guid":{"rendered":"http:\/\/wp2.edge.is\/?p=337"},"modified":"2016-11-07T10:56:42","modified_gmt":"2016-11-07T10:56:42","slug":"thekkir-thu-folkid-ljosmyndir-a-vori-i-arborg","status":"publish","type":"post","link":"https:\/\/heradsskjalasafn.is\/?p=337","title":{"rendered":"\u00deekkir \u00fe\u00fa f\u00f3lki\u00f0? Lj\u00f3smyndir \u00e1 Vori \u00ed \u00c1rborg"},"content":{"rendered":"<div><a href=\"http:\/\/wayback.vefsafn.is\/wayback\/20140321223444\/http:\/\/heradsskjalasafn.is\/images\/stories\/her_arn_2011_14_tj_01351.jpg\" rel=\"lightbox\"><img loading=\"lazy\" decoding=\"async\" src=\"http:\/\/wayback.vefsafn.is\/wayback\/20140321223444im_\/http:\/\/heradsskjalasafn.is\/images\/stories\/her_arn_2011_14_tj_01351.jpg\" alt=\"her_arn_2011_14_tj_01351\" width=\"504\" height=\"329\" \/><\/a><\/div>\n<p><em>\u00de\u00e1tttakendur \u00ed Gr\u00edlupottahlaupi 1969.\u00a0<\/em><em>\u00cd efstu r\u00f6\u00f0 f.v. V\u00e9steinn Hafsteinsson, Gunnar Leifsson, ?, Bj\u00f6rgvin \u00de. Valdimarsson, J\u00f3n Gunnarsson, Kristj\u00e1n Larsen, Gu\u00f0mundur \u00de. Hafsteinsson, Atli Bjarnason, K\u00e1ri J\u00f3nsson.\u00a0<\/em><em>2. r\u00f6\u00f0: Sigur\u00f0ur J\u00f3nsson, Sveinn Sigurmundsson, Steind\u00f3r G. Leifsson, Steind\u00f3r Sverrisson, Stef\u00e1n Larsen, Kristinn \u00de. \u00c1sgeirsson, \u00de\u00f3r\u00f0ur Stef\u00e1nsson, \u00der\u00e1inn Hafsteinsson.\u00a0<\/em><em>3. r\u00f6\u00f0: Ingunn Stef\u00e1nsd\u00f3ttir, Sigr\u00ed\u00f0ur J\u00f3nsd\u00f3ttir, A\u00f0albj\u00f6rg Hafsteinsd\u00f3ttir, Gestur Hjaltason, S\u00e6var P\u00e9tursson, Einar Gunnarsson, Hilmar Sturluson, Eir\u00edkur Ingvarsson.\u00a0<\/em><em>4. r\u00f6\u00f0: \u00c1sd\u00eds Halld\u00f3rsd\u00f3ttir, Gu\u00f0bj\u00f6rg P\u00e9tursd\u00f3ttir, Gu\u00f0bj\u00f6rg D\u00f3ra Sverrisd\u00f3ttir, Mar\u00edanna Einarsd\u00f3ttir, Hj\u00f6rd\u00eds Gu\u00f0bjartsd\u00f3ttir, Gu\u00f0mundur \u00d3skarsson, \u00de\u00f3r \u00deorfinnsson, Brynjar Stef\u00e1nsson, Trausti Gunnarsson og A\u00f0alhei\u00f0ur Gunnarsd\u00f3ttir.<\/em><\/p>\n<p>\u00c1 Vori \u00ed \u00c1rborg ver\u00f0a lj\u00f3smyndir sem veri\u00f0 er a\u00f0 skr\u00e1 s\u00fdndar \u00e1 risaskj\u00e1 og gestum og gangandi gefst t\u00e6kif\u00e6ri \u00e1 a\u00f0 a\u00f0sto\u00f0a starfsmenn safnsins vi\u00f0 skr\u00e1ningu. Tilgangur verkefnisins er a\u00f0 gera lj\u00f3smyndir \u00ed v\u00f6rslu skjalasafnsins a\u00f0gengilegar almenningi og a\u00f0 skr\u00e1 \u00fe\u00e6r svo \u00fe\u00e6r geti n\u00fdst \u00e1 sem fj\u00f6lbreyttastan h\u00e1tt. Skr\u00e1ning lj\u00f3smyndana er \u00ed raun samvinnuverkefni starfsmanna h\u00e9ra\u00f0sskjalasafnsins, lj\u00f3smyndara, \u00e1hugamanna um h\u00e9ra\u00f0ss\u00f6gu, sta\u00f0kunnugra og \u00feeirra sem \u00feekkjast \u00e1 lj\u00f3smyndunum.<\/p>\n<p>Vi\u00f0 hvetjum alla til a\u00f0 koma \u00ed heims\u00f3kn til okkar \u00e1 f\u00f6studag og laugardag og sko\u00f0a myndir.<\/p>\n<p>\u00deTM<\/p>\n","protected":false},"excerpt":{"rendered":"<p>\u00de\u00e1tttakendur \u00ed Gr\u00edlupottahlaupi 1969.\u00a0\u00cd efstu r\u00f6\u00f0 f.v. V\u00e9steinn Hafsteinsson, Gunnar Leifsson, ?, Bj\u00f6rgvin \u00de. Valdimarsson, J\u00f3n Gunnarsson, Kristj\u00e1n Larsen, Gu\u00f0mundur \u00de. Hafsteinsson, Atli Bjarnason, K\u00e1ri J\u00f3nsson.\u00a02. r\u00f6\u00f0: Sigur\u00f0ur J\u00f3nsson, Sveinn Sigurmundsson, Steind\u00f3r G. Leifsson, Steind\u00f3r Sverrisson, Stef\u00e1n Larsen, Kristinn \u00de.<\/p>\n","protected":false},"author":2,"featured_media":0,"comment_status":"closed","ping_status":"closed","sticky":false,"template":"","format":"standard","meta":{"footnotes":""},"categories":[5],"tags":[],"class_list":["post-337","post","type-post","status-publish","format-standard","hentry","category-frettir"],"_links":{"self":[{"href":"https:\/\/heradsskjalasafn.is\/index.php?rest_route=\/wp\/v2\/posts\/337","targetHints":{"allow":["GET"]}}],"collection":[{"href":"https:\/\/heradsskjalasafn.is\/index.php?rest_route=\/wp\/v2\/posts"}],"about":[{"href":"https:\/\/heradsskjalasafn.is\/index.php?rest_route=\/wp\/v2\/types\/post"}],"author":[{"embeddable":true,"href":"https:\/\/heradsskjalasafn.is\/index.php?rest_route=\/wp\/v2\/users\/2"}],"replies":[{"embeddable":true,"href":"https:\/\/heradsskjalasafn.is\/index.php?rest_route=%2Fwp%2Fv2%2Fcomments&post=337"}],"version-history":[{"count":1,"href":"https:\/\/heradsskjalasafn.is\/index.php?rest_route=\/wp\/v2\/posts\/337\/revisions"}],"predecessor-version":[{"id":338,"href":"https:\/\/heradsskjalasafn.is\/index.php?rest_route=\/wp\/v2\/posts\/337\/revisions\/338"}],"wp:attachment":[{"href":"https:\/\/heradsskjalasafn.is\/index.php?rest_route=%2Fwp%2Fv2%2Fmedia&parent=337"}],"wp:term":[{"taxonomy":"category","embeddable":true,"href":"https:\/\/heradsskjalasafn.is\/index.php?rest_route=%2Fwp%2Fv2%2Fcategories&post=337"},{"taxonomy":"post_tag","embeddable":true,"href":"https:\/\/heradsskjalasafn.is\/index.php?rest_route=%2Fwp%2Fv2%2Ftags&post=337"}],"curies":[{"name":"wp","href":"https:\/\/api.w.org\/{rel}","templated":true}]}}