{"id":335,"date":"2011-05-10T10:55:57","date_gmt":"2011-05-10T10:55:57","guid":{"rendered":"http:\/\/wp2.edge.is\/?p=335"},"modified":"2016-11-07T10:56:13","modified_gmt":"2016-11-07T10:56:13","slug":"sr-magnus-a-gilsbakka","status":"publish","type":"post","link":"https:\/\/heradsskjalasafn.is\/?p=335","title":{"rendered":"Sr. Magn\u00fas \u00e1 Gilsbakka"},"content":{"rendered":"<p><strong>Gilsbakki \u2013 \u00edslenskt menningarheimili \u00ed sveit<\/strong><\/p>\n<p><a href=\"http:\/\/wayback.vefsafn.is\/wayback\/20140321225652\/http:\/\/heradsskjalasafn.is\/images\/stories\/her_borg_gilsbakki_sigfus_eymundsson.jpg\" rel=\"lightbox\"><img loading=\"lazy\" decoding=\"async\" src=\"http:\/\/wayback.vefsafn.is\/wayback\/20140321225652im_\/http:\/\/heradsskjalasafn.is\/images\/stories\/her_borg_gilsbakki_sigfus_eymundsson.jpg\" alt=\"her_borg_gilsbakki_sigfus_eymundsson\" width=\"506\" height=\"387\" \/><\/a><\/p>\n<p>\u00deann 13. ma\u00ed n.k. ver\u00f0ur opnu\u00f0 n\u00fd s\u00fdning \u00ed Safnah\u00fasi Borgarfjar\u00f0ar \u00ed tilefni af 50 \u00e1ra afm\u00e6li H\u00e9ra\u00f0sskjalasafns Borgarfjar\u00f0ar. S\u00fdningin hefur hloti\u00f0 heiti\u00f0 <strong>S\u00e9ra Magn\u00fas<\/strong> og er um \u00e6vi Magn\u00fasar Andr\u00e9ssonar (1845-1922) sem bj\u00f3 \u00e1 Gilsbakka \u00ed Hv\u00edt\u00e1rs\u00ed\u00f0u fr\u00e1 \u00e1rinu 1881, \u00e1samt konu sinni Sigr\u00ed\u00f0i P\u00e9tursd\u00f3ttur. S\u00e9ra Magn\u00fas var m.a. al\u00feingisma\u00f0ur M\u00fdramanna um margra \u00e1ra skei\u00f0 og kom \u00fear a\u00f0 m\u00f3tun sj\u00e1lfst\u00e6\u00f0isbar\u00e1ttu \u00cdslendinga um og eftir 1900. Af \u00feessu tilefni er s\u00fdningin helgu\u00f0 minningu J\u00f3ns Sigur\u00f0ssonar \u00e1 merku afm\u00e6lis\u00e1ri hans.<\/p>\n<p>S\u00fdningin ver\u00f0ur opnu\u00f0 me\u00f0 stuttri ath\u00f6fn \u00e1 ne\u00f0ri h\u00e6\u00f0 Safnah\u00fass (B\u00f6rn \u00ed 100 \u00e1r) kl. 17.30 \u00feennan dag, f\u00f6studaginn 13. ma\u00ed.<\/p>\n<p>Allir velkomnir!<\/p>\n<p><img loading=\"lazy\" decoding=\"async\" src=\"http:\/\/wayback.vefsafn.is\/wayback\/20140321225652im_\/http:\/\/heradsskjalasafn.is\/images\/stories\/her_borg_magnus_andresson.jpg\" alt=\"her_borg_magnus_andresson\" width=\"504\" height=\"823\" \/><\/p>\n<p><em>Sr. Magn\u00fas Andr\u00e9sson \u00e1 Gilsbakka.<\/em><\/p>\n","protected":false},"excerpt":{"rendered":"<p>Gilsbakki \u2013 \u00edslenskt menningarheimili \u00ed sveit \u00deann 13. ma\u00ed n.k. ver\u00f0ur opnu\u00f0 n\u00fd s\u00fdning \u00ed Safnah\u00fasi Borgarfjar\u00f0ar \u00ed tilefni af 50 \u00e1ra afm\u00e6li H\u00e9ra\u00f0sskjalasafns Borgarfjar\u00f0ar. S\u00fdningin hefur hloti\u00f0 heiti\u00f0 S\u00e9ra Magn\u00fas og er um \u00e6vi Magn\u00fasar Andr\u00e9ssonar (1845-1922) sem bj\u00f3<\/p>\n","protected":false},"author":2,"featured_media":0,"comment_status":"closed","ping_status":"closed","sticky":false,"template":"","format":"standard","meta":{"footnotes":""},"categories":[5],"tags":[],"class_list":["post-335","post","type-post","status-publish","format-standard","hentry","category-frettir"],"_links":{"self":[{"href":"https:\/\/heradsskjalasafn.is\/index.php?rest_route=\/wp\/v2\/posts\/335","targetHints":{"allow":["GET"]}}],"collection":[{"href":"https:\/\/heradsskjalasafn.is\/index.php?rest_route=\/wp\/v2\/posts"}],"about":[{"href":"https:\/\/heradsskjalasafn.is\/index.php?rest_route=\/wp\/v2\/types\/post"}],"author":[{"embeddable":true,"href":"https:\/\/heradsskjalasafn.is\/index.php?rest_route=\/wp\/v2\/users\/2"}],"replies":[{"embeddable":true,"href":"https:\/\/heradsskjalasafn.is\/index.php?rest_route=%2Fwp%2Fv2%2Fcomments&post=335"}],"version-history":[{"count":1,"href":"https:\/\/heradsskjalasafn.is\/index.php?rest_route=\/wp\/v2\/posts\/335\/revisions"}],"predecessor-version":[{"id":336,"href":"https:\/\/heradsskjalasafn.is\/index.php?rest_route=\/wp\/v2\/posts\/335\/revisions\/336"}],"wp:attachment":[{"href":"https:\/\/heradsskjalasafn.is\/index.php?rest_route=%2Fwp%2Fv2%2Fmedia&parent=335"}],"wp:term":[{"taxonomy":"category","embeddable":true,"href":"https:\/\/heradsskjalasafn.is\/index.php?rest_route=%2Fwp%2Fv2%2Fcategories&post=335"},{"taxonomy":"post_tag","embeddable":true,"href":"https:\/\/heradsskjalasafn.is\/index.php?rest_route=%2Fwp%2Fv2%2Ftags&post=335"}],"curies":[{"name":"wp","href":"https:\/\/api.w.org\/{rel}","templated":true}]}}