{"id":333,"date":"2011-05-09T10:55:10","date_gmt":"2011-05-09T10:55:10","guid":{"rendered":"http:\/\/wp2.edge.is\/?p=333"},"modified":"2016-11-07T10:55:42","modified_gmt":"2016-11-07T10:55:42","slug":"malthing-um-frumvarp-til-upplysingalaga","status":"publish","type":"post","link":"https:\/\/heradsskjalasafn.is\/?p=333","title":{"rendered":"M\u00e1l\u00feing um frumvarp til uppl\u00fdsingalaga"},"content":{"rendered":"<p>F\u00e9lag um skjalastj\u00f3rn stendur fyrir m\u00e1l\u00feingi um frumvarp a\u00f0 n\u00fdjum uppl\u00fdsingal\u00f6gum sem n\u00fa liggur fyrir \u00e1 Al\u00feingi.<br \/>\nM\u00e1l\u00feingi\u00f0 ver\u00f0ur haldi\u00f0 \u00ed fyrirlestrarsal Borgarskjalasafnsins \u00ed Gr\u00f3farh\u00fasinu Tryggvag\u00f6tu 15, 6. h\u00e6\u00f0, \u00feri\u00f0judaginn 10. ma\u00ed og hefst kl. 10.00.<br \/>\nA\u00f0gangur er \u00f3keypis og \u00f6llum heimill.<\/p>\n<p>Me\u00f0al breytinga skv. frumvarpinu er a\u00f0 gildissvi\u00f0 uppl\u00fdsingalaga ver\u00f0ur v\u00edkka\u00f0 me\u00f0 \u00feeim h\u00e6tti a\u00f0 \u00feau taki til fleiri a\u00f0ila en n\u00fa er.<\/p>\n<p>Einnig ver\u00f0ur h\u00e6gt er a\u00f0 skilgreina fleiri skj\u00f6l sem vinnuskj\u00f6l, stj\u00f3rnv\u00f6ld geta loka\u00f0 \u00e1kve\u00f0num skj\u00f6lum \u00ed lengri t\u00edma og \u00fej\u00f3\u00f0skjalav\u00f6r\u00f0ur getur loka\u00f0 \u00e1kve\u00f0num skj\u00f6lum \u00ed 110 \u00e1r.<\/p>\n<p>\u00cd frumvarpinu eru jafnframt lag\u00f0ar til t\u00f6luver\u00f0ar breytingar \u00e1 l\u00f6gum um \u00dej\u00f3\u00f0skjalasafn.<\/p>\n<p>Dagskr\u00e1 m\u00e1l\u00feingsins<\/p>\n<p>El\u00edn \u00d3sk Helgad\u00f3ttir, l\u00f6gfr\u00e6\u00f0ingur hj\u00e1 fors\u00e6tisr\u00e1\u00f0uneyti: \u201eEr frumvarp til uppl\u00fdsingalaga til \u00feess falli\u00f0 a\u00f0 auka uppl\u00fdsingar\u00e9tt almennings?\u201c<\/p>\n<p>Svanhildur Bogad\u00f3ttir, Borgarskjalav\u00f6r\u00f0ur: \u201e\u00cd \u00fe\u00e1gu almannahagsmuna\u201c<\/p>\n<p>Eir\u00edkur G. Gu\u00f0mundsson, Svi\u00f0sstj\u00f3ri uppl\u00fdsingasvi\u00f0s \u00dej\u00f3\u00f0skjalasafns \u00cdslands: \u201eAuki\u00f0 a\u00f0gengi?\u201c<\/p>\n<p>Sigur\u00f0ur M\u00e1r J\u00f3nsson, Bla\u00f0amannaf\u00e9lag \u00cdslands: \u201eAllt upp \u00e1 bor\u00f0i\u00f0\u201c<\/p>\n<p>Nokkur umr\u00e6\u00f0a hefur spunnist um frumvarp a\u00f0 n\u00fdjum uppl\u00fdsingal\u00f6gum undanfari\u00f0.<\/p>\n<p>J\u00f3hanna Sigur\u00f0ard\u00f3ttir fors\u00e6tisr\u00e1\u00f0herra rita\u00f0i grein er birtist \u00ed Fr\u00e9ttabla\u00f0inu 23. apr\u00edl 2011:<br \/>\n<a href=\"http:\/\/www.visir.is\/villandi-umraeda-um-upplysingalog\/article\/23.0704239967\" target=\"_blank\">Villandi umr\u00e6\u00f0a um uppl\u00fdsingal\u00f6g<\/a><\/p>\n<p>Gu\u00f0mundur H\u00f6r\u00f0ur Gu\u00f0mundsson fyrrverandi uppl\u00fdsingafulltr\u00fai \u00ed stj\u00f3rnarr\u00e1\u00f0inu rita\u00f0i grein er birtist \u00ed Fr\u00e9ttabla\u00f0inu 7. ma\u00ed 2011:<br \/>\n<a href=\"http:\/\/www.visir.is\/aframhaldandi-leynd\/article\/2011705079965\" target=\"_blank\">\u00c1framhaldandi leynd<\/a><\/p>\n<p>H\u00e9r m\u00e1 finna <a href=\"http:\/\/www.heradsskjalasafn.is\/index.php?option=com_content&amp;view=article&amp;id=201:upplysingalagafrumvarp-til-meeferear-hja-allsherjarnefnd-altingis&amp;catid=77:frettir&amp;Itemid=100\" target=\"_blank\">athugasemdir h\u00e9ra\u00f0sskjalavar\u00f0a vi\u00f0 lagafrumvarpi\u00f0<\/a><\/p>\n","protected":false},"excerpt":{"rendered":"<p>F\u00e9lag um skjalastj\u00f3rn stendur fyrir m\u00e1l\u00feingi um frumvarp a\u00f0 n\u00fdjum uppl\u00fdsingal\u00f6gum sem n\u00fa liggur fyrir \u00e1 Al\u00feingi. M\u00e1l\u00feingi\u00f0 ver\u00f0ur haldi\u00f0 \u00ed fyrirlestrarsal Borgarskjalasafnsins \u00ed Gr\u00f3farh\u00fasinu Tryggvag\u00f6tu 15, 6. h\u00e6\u00f0, \u00feri\u00f0judaginn 10. ma\u00ed og hefst kl. 10.00. A\u00f0gangur er \u00f3keypis og<\/p>\n","protected":false},"author":2,"featured_media":0,"comment_status":"closed","ping_status":"closed","sticky":false,"template":"","format":"standard","meta":{"footnotes":""},"categories":[5],"tags":[],"class_list":["post-333","post","type-post","status-publish","format-standard","hentry","category-frettir"],"_links":{"self":[{"href":"https:\/\/heradsskjalasafn.is\/index.php?rest_route=\/wp\/v2\/posts\/333","targetHints":{"allow":["GET"]}}],"collection":[{"href":"https:\/\/heradsskjalasafn.is\/index.php?rest_route=\/wp\/v2\/posts"}],"about":[{"href":"https:\/\/heradsskjalasafn.is\/index.php?rest_route=\/wp\/v2\/types\/post"}],"author":[{"embeddable":true,"href":"https:\/\/heradsskjalasafn.is\/index.php?rest_route=\/wp\/v2\/users\/2"}],"replies":[{"embeddable":true,"href":"https:\/\/heradsskjalasafn.is\/index.php?rest_route=%2Fwp%2Fv2%2Fcomments&post=333"}],"version-history":[{"count":1,"href":"https:\/\/heradsskjalasafn.is\/index.php?rest_route=\/wp\/v2\/posts\/333\/revisions"}],"predecessor-version":[{"id":334,"href":"https:\/\/heradsskjalasafn.is\/index.php?rest_route=\/wp\/v2\/posts\/333\/revisions\/334"}],"wp:attachment":[{"href":"https:\/\/heradsskjalasafn.is\/index.php?rest_route=%2Fwp%2Fv2%2Fmedia&parent=333"}],"wp:term":[{"taxonomy":"category","embeddable":true,"href":"https:\/\/heradsskjalasafn.is\/index.php?rest_route=%2Fwp%2Fv2%2Fcategories&post=333"},{"taxonomy":"post_tag","embeddable":true,"href":"https:\/\/heradsskjalasafn.is\/index.php?rest_route=%2Fwp%2Fv2%2Ftags&post=333"}],"curies":[{"name":"wp","href":"https:\/\/api.w.org\/{rel}","templated":true}]}}