{"id":331,"date":"2011-05-04T10:54:38","date_gmt":"2011-05-04T10:54:38","guid":{"rendered":"http:\/\/wp2.edge.is\/?p=331"},"modified":"2016-11-07T10:54:55","modified_gmt":"2016-11-07T10:54:55","slug":"kopavogssaga-a-kopavogsdogum","status":"publish","type":"post","link":"https:\/\/heradsskjalasafn.is\/?p=331","title":{"rendered":"K\u00f3pavogssaga \u00e1 K\u00f3pavogsd\u00f6gum"},"content":{"rendered":"<p><img decoding=\"async\" src=\"http:\/\/wayback.vefsafn.is\/wayback\/20140321230108im_\/http:\/\/heradsskjalasafn.is\/images\/stories\/loftmynd_kopav_1964_oljons.jpg\" alt=\"\" border=\"0\" \/><\/p>\n<div id=\"alttext-container\"><\/div>\n<p><em>Loftmynd af K\u00f3pavogi um 1964 tekin af \u00d3lafi J\u00f3nssyni loftsiglingafr\u00e6\u00f0ingi.<\/em><\/p>\n<p align=\"justify\">K\u00f3pavogsdagar ver\u00f0a haldnir 7.-14. ma\u00ed 2011.<\/p>\n<p align=\"justify\">Mi\u00f0vikudaginn 11. ma\u00ed kl. 17.15 mun H\u00e9ra\u00f0sskjalasafn K\u00f3pavogs standa fyrir m\u00e1lstofu um s\u00f6gu K\u00f3pavogs \u00ed K\u00f3rnum \u00ed B\u00f3kasafni K\u00f3pavogs.<\/p>\n<p align=\"justify\">Fyrirlesarar ver\u00f0a Bj\u00f6rn \u00deorsteinsson, Gunnar Marel Hinriksson og Gu\u00f0laugur R. Gu\u00f0mundsson. Bj\u00f6rn vinnur a\u00f0 ritun s\u00f6gu s\u00ed\u00f0ustu 30 \u00e1ra \u00ed K\u00f3pavogi, Gu\u00f0laugur fjallar um \u00f6rnefni \u00ed landi K\u00f3pavogsb\u00e6jar og v\u00e6ntanlegt rit \u00fear a\u00f0 l\u00fatandi og Gunnar mun fjalla um bygg\u00f0 \u00ed landi K\u00f3pavogs fyrr \u00e1 t\u00edmum, s\u00e9rstaklega \u00fat fr\u00e1 kvikfj\u00e1rtalinu 1703.<\/p>\n<p align=\"justify\">\u00deri\u00f0judaginn 10. ma\u00ed og fram til laugardagsins 14. ma\u00ed ver\u00f0ur opin \u00ed anddyri N\u00e1tt\u00farufr\u00e6\u00f0istofu K\u00f3pavogs s\u00fdning \u00e1 vegum H\u00e9ra\u00f0sskjalasafns K\u00f3pavogs \u00e1 loftmyndum af K\u00e1rsnesi teknar \u00e1 mismunandi t\u00edmum. S\u00fdna \u00fe\u00e6r hvernig nesi\u00f0 hefur breyst og \u00fer\u00f3ast \u00e1 umli\u00f0num \u00e1rum, hvort tveggja me\u00f0 aukinni bygg\u00f0 og landfyllingum.<\/p>\n<p align=\"justify\">Fj\u00f6lmargt anna\u00f0 er \u00e1 dagskr\u00e1 K\u00f3pavogsdaga menningarlegs e\u00f0lis og ver\u00f0ur m.a. haldi\u00f0 upp \u00e1 merkisafm\u00e6li \u00fdmissa stofnana b\u00e6jarins \u00ed \u00e1r, Leiksk\u00f3linn Marbakki ver\u00f0ur 25 \u00e1ra, Salask\u00f3li ver\u00f0ur 10 \u00e1ra og Kv\u00f6ldsk\u00f3li K\u00f3pavogs (\u00e1\u00f0ur N\u00e1msflokkar K\u00f3pavogs) ver\u00f0ur 40 \u00e1ra. \u00cd Salnum ver\u00f0a endurteknir t\u00f3nleikar \u00ed tilefni af n\u00edr\u00e6\u00f0isafm\u00e6li J\u00f3ns M\u00fala \u00c1rnasonar.<\/p>\n<p align=\"justify\">N\u00e1nar m\u00e1 gl\u00f6ggva sig \u00e1 dagskr\u00e1 K\u00f3pavogsdaga \u00e1 heimas\u00ed\u00f0u \u00feeirra:<\/p>\n<h2><a href=\"http:\/\/www.kopavogsdagar.is\/\" target=\"_blank\"><strong>K\u00f3pavogsdagar 2011<\/strong><\/a><\/h2>\n","protected":false},"excerpt":{"rendered":"<p>Loftmynd af K\u00f3pavogi um 1964 tekin af \u00d3lafi J\u00f3nssyni loftsiglingafr\u00e6\u00f0ingi. K\u00f3pavogsdagar ver\u00f0a haldnir 7.-14. ma\u00ed 2011. Mi\u00f0vikudaginn 11. ma\u00ed kl. 17.15 mun H\u00e9ra\u00f0sskjalasafn K\u00f3pavogs standa fyrir m\u00e1lstofu um s\u00f6gu K\u00f3pavogs \u00ed K\u00f3rnum \u00ed B\u00f3kasafni K\u00f3pavogs. Fyrirlesarar ver\u00f0a Bj\u00f6rn \u00deorsteinsson, Gunnar<\/p>\n","protected":false},"author":2,"featured_media":0,"comment_status":"closed","ping_status":"closed","sticky":false,"template":"","format":"standard","meta":{"footnotes":""},"categories":[5],"tags":[],"class_list":["post-331","post","type-post","status-publish","format-standard","hentry","category-frettir"],"_links":{"self":[{"href":"https:\/\/heradsskjalasafn.is\/index.php?rest_route=\/wp\/v2\/posts\/331","targetHints":{"allow":["GET"]}}],"collection":[{"href":"https:\/\/heradsskjalasafn.is\/index.php?rest_route=\/wp\/v2\/posts"}],"about":[{"href":"https:\/\/heradsskjalasafn.is\/index.php?rest_route=\/wp\/v2\/types\/post"}],"author":[{"embeddable":true,"href":"https:\/\/heradsskjalasafn.is\/index.php?rest_route=\/wp\/v2\/users\/2"}],"replies":[{"embeddable":true,"href":"https:\/\/heradsskjalasafn.is\/index.php?rest_route=%2Fwp%2Fv2%2Fcomments&post=331"}],"version-history":[{"count":1,"href":"https:\/\/heradsskjalasafn.is\/index.php?rest_route=\/wp\/v2\/posts\/331\/revisions"}],"predecessor-version":[{"id":332,"href":"https:\/\/heradsskjalasafn.is\/index.php?rest_route=\/wp\/v2\/posts\/331\/revisions\/332"}],"wp:attachment":[{"href":"https:\/\/heradsskjalasafn.is\/index.php?rest_route=%2Fwp%2Fv2%2Fmedia&parent=331"}],"wp:term":[{"taxonomy":"category","embeddable":true,"href":"https:\/\/heradsskjalasafn.is\/index.php?rest_route=%2Fwp%2Fv2%2Fcategories&post=331"},{"taxonomy":"post_tag","embeddable":true,"href":"https:\/\/heradsskjalasafn.is\/index.php?rest_route=%2Fwp%2Fv2%2Ftags&post=331"}],"curies":[{"name":"wp","href":"https:\/\/api.w.org\/{rel}","templated":true}]}}