{"id":301,"date":"2011-02-03T09:43:49","date_gmt":"2011-02-03T09:43:49","guid":{"rendered":"http:\/\/wp2.edge.is\/?p=301"},"modified":"2016-11-07T09:44:10","modified_gmt":"2016-11-07T09:44:10","slug":"skjalfraedinam-vid-haskola-islands-eflt","status":"publish","type":"post","link":"https:\/\/heradsskjalasafn.is\/?p=301","title":{"rendered":"Skjalfr\u00e6\u00f0in\u00e1m vi\u00f0 H\u00e1sk\u00f3la \u00cdslands eflt"},"content":{"rendered":"<p align=\"justify\">Fagna\u00f0arefni er a\u00f0 kennsla \u00ed skjalfr\u00e6\u00f0i sem aukagrein \u00ed sagnfr\u00e6\u00f0i hefst n\u00fa \u00ed haust vi\u00f0 H\u00e1sk\u00f3la \u00cdslands.<\/p>\n<p>Erlendis er sl\u00edk menntun oft veitt \u00ed h\u00e1sk\u00f3lum \u00e1 \u00feennan h\u00e1tt en \u00ed fj\u00f6lmennum l\u00f6ndum \u00fear sem s\u00e9rstaklega er vanda\u00f0 til eru s\u00e9rstakir sk\u00f3lar \u00e6tla\u00f0ir skjalav\u00f6r\u00f0um. <a href=\"http:\/\/www.heradsskjalasafn.is\/index.php?option=com_weblinks&amp;view=category&amp;id=45%3Askjalfraeeimenntun&amp;Itemid=98\" target=\"_blank\">Sj\u00e1 h\u00e9r \u00e1 vefnum<\/a>.<\/p>\n<p>\u00c1kve\u00f0in\u00a0grunnmenntun um skj\u00f6l og skjalav\u00f6rslu er \u00f3rofa \u00fe\u00e1ttur \u00ed \u00fej\u00e1lfun emb\u00e6ttismanna og opinberra starfsmanna v\u00ed\u00f0a um heim. Me\u00f0 \u00fev\u00ed er \u00e1kve\u00f0in formfesta \u00ed emb\u00e6ttisf\u00e6rslu trygg\u00f0. H\u00e1v\u00e6rar kr\u00f6fur eru n\u00fa uppi um \u00fea\u00f0 h\u00e9r \u00e1 landi eftir efnahagshruni\u00f0 sem beint hefur sj\u00f3num margra a\u00f0 brotal\u00f6mum \u00ed stj\u00f3rns\u00fdslu landsins. Nau\u00f0synlegt er a\u00f0 grunnatri\u00f0i skjalav\u00f6rslu og umgengni vi\u00f0 skj\u00f6l s\u00e9 \u00fe\u00e1ttur \u00ed \u00fej\u00e1lfun allra opinberra starfsmanna \u00e1 \u00cdslandi.<\/p>\n<p align=\"justify\">Efling skjalfr\u00e6\u00f0in\u00e1ms vi\u00f0 H\u00e1sk\u00f3la \u00cdslands er skref \u00ed \u00e1tt a\u00f0 umb\u00f3tum \u00ed \u00fe\u00e1 veru.<\/p>\n<p align=\"justify\">\u00c1ri\u00f0 1985 var \u00ed fyrsta sinn kennt n\u00e1mskei\u00f0 \u00ed sagnfr\u00e6\u00f0i vi\u00f0 H\u00e1sk\u00f3la \u00cdslands undir heitinu<em>Skjalas\u00f6fn og skjalavarsla<\/em>. N\u00e1mskei\u00f0i\u00f0 var kennt \u00ed stundakennslu nokkurn veginn anna\u00f0 hvert \u00e1r til \u00e1rsins 2005. \u00de\u00e1 var ger\u00f0ur samningur milli \u00dej\u00f3\u00f0skjalasafns \u00cdslands og H\u00e1sk\u00f3la \u00cdslands um fasta h\u00e1lfa st\u00f6\u00f0u lektors \u00ed skjalfr\u00e6\u00f0i vi\u00f0 sagnfr\u00e6\u00f0iskor. <a href=\"http:\/\/www.hi.is\/is\/simaskra\/3287\" target=\"_blank\">Kristjana Kristinsd\u00f3ttir<\/a> hefur gegnt \u00feeirri st\u00f6\u00f0u fr\u00e1 upphafi.<\/p>\n<p align=\"justify\">\u00cd lok \u00e1rs 2010 var sam\u00feykkt af hugv\u00edsindasvi\u00f0i H\u00e1sk\u00f3la \u00cdslands a\u00f0 gera kennsluna \u00ed skjalfr\u00e6\u00f0i a\u00f0 aukagrein \u00ed sagnfr\u00e6\u00f0i og hefst kennsla \u00ed aukagreininni \u00e1 kennslu\u00e1rinu 2011 til 2012.<\/p>\n<p align=\"justify\">N\u00e1mslei\u00f0in er \u00e6tlu\u00f0 nemendum sem hafa hug \u00e1 \u00fev\u00ed a\u00f0 starfa \u00e1 skjalas\u00f6fnum, hvort heldur sem skjalav\u00f6r\u00f0ur \u00e1 skjalasafni, vi\u00f0 stofnun e\u00f0a fyrirt\u00e6ki.<\/p>\n<p align=\"justify\">N\u00e1mi\u00f0 n\u00e6r til s\u00edgildra a\u00f0fer\u00f0a vi\u00f0 skjalav\u00f6rslu. Sko\u00f0a\u00f0ur er ferill skjals fr\u00e1 \u00fev\u00ed \u00fea\u00f0 er mynda\u00f0 \u00fear til daglegt gildi \u00feess hefur viki\u00f0 fyrir hinu s\u00f6gulega, fjalla\u00f0 um gamlar og n\u00fdjar skjalav\u00f6rslua\u00f0fer\u00f0ir, fr\u00e1gang skjala \u00ed geymslu og ger\u00f0 skjalaskr\u00e1r, auk skjalalestrar og stj\u00f3rns\u00fdslus\u00f6gu. Fjalla\u00f0 er um n\u00fdjar \u00e1herslur og vi\u00f0horf \u00ed skjalfr\u00e6\u00f0um m.a. um notkun og var\u00f0veislu rafr\u00e6nna skjala, og l\u00f6g\u00f0 \u00e1hersla \u00e1 heimildargildi skjala og notkun \u00feeirra.<\/p>\n<p align=\"justify\">Aukagreinin er einkum \u00e6tlu\u00f0 sagnfr\u00e6\u00f0inemum, enda er g\u00f3\u00f0 undirsta\u00f0a \u00ed \u00feeirri grein forsenda fyrir\u00a0 n\u00e1mi \u00ed skjalfr\u00e6\u00f0i og starfi \u00e1 \u00feeim vettvangi. Forkr\u00f6fur eru 20 einingar \u00ed sagnfr\u00e6\u00f0i, \u00fea\u00f0 er Sagnfr\u00e6\u00f0ileg vinnubr\u00f6g\u00f0 og anna\u00f0 tveggja kjarnan\u00e1mskei\u00f0a \u00ed \u00cdslandss\u00f6gu.<\/p>\n<p align=\"justify\">Ekkert er \u00fev\u00ed til fyrirst\u00f6\u00f0u a\u00f0 nemendur me\u00f0 a\u00f0ra a\u00f0algrein en sagnfr\u00e6\u00f0i taki skjalfr\u00e6\u00f0i sem aukagrein og eru forkr\u00f6fur \u00fe\u00e6r s\u00f6mu og hj\u00e1 sagnfr\u00e6\u00f0inemum. Til greina kemur a\u00f0 \u00f6nnur n\u00e1mskei\u00f0 ver\u00f0i metin sem \u00edgildi forkr\u00f6fun\u00e1mskei\u00f0a \u00ed sagnfr\u00e6\u00f0i og \u00fearf a\u00f0 s\u00e6kja um \u00fea\u00f0 til n\u00e1msbrautar \u00ed sagnfr\u00e6\u00f0i.<\/p>\n<p align=\"justify\">N\u00e1mi\u00f0 er 60 einingar og n\u00e1msframbo\u00f0 mi\u00f0ar vi\u00f0 a\u00f0 h\u00e6gt s\u00e9 a\u00f0 lj\u00faka \u00fev\u00ed \u00e1 tveimur \u00e1rum.<\/p>\n<p align=\"justify\">Skyldun\u00e1mskei\u00f0in\u00a0 eru samanlagt 40 einingar og samanstanda n\u00fa af eftirt\u00f6ldum n\u00e1mskei\u00f0um:<br \/>\nSkjalas\u00f6fn og skjalavarsla<br \/>\nSkjalavarsla \u00e1 20. og 21. \u00f6ld<br \/>\nSkjalalestur 1550-1850<br \/>\nStj\u00f3rns\u00fdsla \u00e1 fyrri \u00f6ldum<br \/>\nVettvangsvinna \u00e1 \u00dej\u00f3\u00f0skjalasafni<br \/>\nHagn\u00fdtt verkefni<\/p>\n<p align=\"justify\"><a href=\"http:\/\/www.heradsskjalasafn.is\/index.php?option=com_weblinks&amp;view=category&amp;id=46%3Askjalfraeeimenntun-vie-haskola-islands&amp;Itemid=98\" target=\"_blank\">Sj\u00e1 n\u00e1nar um nokkur \u00feeirra h\u00e9r \u00e1 vefnum.<\/a><\/p>\n<p align=\"justify\">A\u00f0 \u00f6\u00f0ru leyti eru n\u00e1mskei\u00f0 valfrj\u00e1ls, hvort sem \u00fea\u00f0 eru s\u00e9rh\u00e6f\u00f0 n\u00e1mskei\u00f0 \u00ed sagnfr\u00e6\u00f0i e\u00f0a n\u00e1mskei\u00f0 \u00ed \u00f6\u00f0rum greinum sem tengjast skjalav\u00f6rslu og stj\u00f3rns\u00fdslu \u00e1 einhvern h\u00e1tt. \u00c1r hvert ver\u00f0ur birtur listi yfir \u00feau n\u00e1mskei\u00f0 sem m\u00e6lt er me\u00f0 og sem kennd eru hverju sinni.<\/p>\n","protected":false},"excerpt":{"rendered":"<p>Fagna\u00f0arefni er a\u00f0 kennsla \u00ed skjalfr\u00e6\u00f0i sem aukagrein \u00ed sagnfr\u00e6\u00f0i hefst n\u00fa \u00ed haust vi\u00f0 H\u00e1sk\u00f3la \u00cdslands. Erlendis er sl\u00edk menntun oft veitt \u00ed h\u00e1sk\u00f3lum \u00e1 \u00feennan h\u00e1tt en \u00ed fj\u00f6lmennum l\u00f6ndum \u00fear sem s\u00e9rstaklega er vanda\u00f0 til eru s\u00e9rstakir<\/p>\n","protected":false},"author":2,"featured_media":0,"comment_status":"closed","ping_status":"closed","sticky":false,"template":"","format":"standard","meta":{"footnotes":""},"categories":[5],"tags":[],"class_list":["post-301","post","type-post","status-publish","format-standard","hentry","category-frettir"],"_links":{"self":[{"href":"https:\/\/heradsskjalasafn.is\/index.php?rest_route=\/wp\/v2\/posts\/301","targetHints":{"allow":["GET"]}}],"collection":[{"href":"https:\/\/heradsskjalasafn.is\/index.php?rest_route=\/wp\/v2\/posts"}],"about":[{"href":"https:\/\/heradsskjalasafn.is\/index.php?rest_route=\/wp\/v2\/types\/post"}],"author":[{"embeddable":true,"href":"https:\/\/heradsskjalasafn.is\/index.php?rest_route=\/wp\/v2\/users\/2"}],"replies":[{"embeddable":true,"href":"https:\/\/heradsskjalasafn.is\/index.php?rest_route=%2Fwp%2Fv2%2Fcomments&post=301"}],"version-history":[{"count":1,"href":"https:\/\/heradsskjalasafn.is\/index.php?rest_route=\/wp\/v2\/posts\/301\/revisions"}],"predecessor-version":[{"id":302,"href":"https:\/\/heradsskjalasafn.is\/index.php?rest_route=\/wp\/v2\/posts\/301\/revisions\/302"}],"wp:attachment":[{"href":"https:\/\/heradsskjalasafn.is\/index.php?rest_route=%2Fwp%2Fv2%2Fmedia&parent=301"}],"wp:term":[{"taxonomy":"category","embeddable":true,"href":"https:\/\/heradsskjalasafn.is\/index.php?rest_route=%2Fwp%2Fv2%2Fcategories&post=301"},{"taxonomy":"post_tag","embeddable":true,"href":"https:\/\/heradsskjalasafn.is\/index.php?rest_route=%2Fwp%2Fv2%2Ftags&post=301"}],"curies":[{"name":"wp","href":"https:\/\/api.w.org\/{rel}","templated":true}]}}