{"id":298,"date":"2011-02-03T09:40:12","date_gmt":"2011-02-03T09:40:12","guid":{"rendered":"http:\/\/wp2.edge.is\/?p=298"},"modified":"2016-11-07T09:40:31","modified_gmt":"2016-11-07T09:40:31","slug":"atvinnuskapandi-verkefni-vid-skraningu-og-fragang-ljosmynda","status":"publish","type":"post","link":"https:\/\/heradsskjalasafn.is\/?p=298","title":{"rendered":"Atvinnuskapandi verkefni vi\u00f0 skr\u00e1ningu og fr\u00e1gang lj\u00f3smynda"},"content":{"rendered":"<p class=\"contentheading\">H\u00e9ra\u00f0sskjalasafn Skagfir\u00f0inga, H\u00e9ra\u00f0sskjalasafn Ausfir\u00f0ing og H\u00e9ra\u00f0sskjalasafn \u00c1rnesinga s\u00f3ttu eftir \u00fev\u00ed a\u00f0 fj\u00e1rlaganefnd Al\u00feingis legg\u00f0i fj\u00e1rmuni \u00ed n\u00fdtt atvinnuskapandi verkefni vi\u00f0 sk\u00f6nnun og skr\u00e1ningu \u00e1 lj\u00f3smyndum \u00ed v\u00f6rslu safnanna. \u00c1 skjalas\u00f6fnunum var \u00feegar fyrir \u00feekking til a\u00f0 vinna verkefni\u00f0. \u00c1 fj\u00e1rl\u00f6gum voru settar 13,5 millj\u00f3nir \u00ed verkefni\u00f0 sem deilast jafnt \u00e1 milli safnanna. Reikna\u00f0 er me\u00f0 sex st\u00f6\u00f0ugildum \u00e1 s\u00f6fnunum \u00feremur \u00e1 \u00e1rinu vegna verkefnisins.<\/p>\n<p><img loading=\"lazy\" decoding=\"async\" src=\"http:\/\/wayback.vefsafn.is\/wayback\/20140711200130im_\/http:\/\/heradsskjalasafn.is\/images\/stories\/her_arn_ljosmyndaverkefni1.jpg\" alt=\"her_arn_ljosmyndaverkefni1\" width=\"500\" height=\"307\" \/><\/p>\n<p><em>Starfsmenn h\u00e9ra\u00f0sskjalasafnanna \u00e1 fundi \u00ed h\u00fasakynnum H\u00e9ra\u00f0sskjalasafns K\u00f3pavogs eftir kynningu \u00e1 hugb\u00fana\u00f0i sem nota \u00e1 vi\u00f0 skr\u00e1ningu lj\u00f3smynda.<\/em><\/p>\n<p>Undirb\u00faningur vegna verkefnisins hefur sta\u00f0i\u00f0 yfir fr\u00e1 \u00fev\u00ed \u00ed n\u00f3vember. A\u00f0 m\u00f6rgu er a\u00f0 hyggja enda eru r\u00edflega 400.000 lj\u00f3smyndir, \u00fdmist \u00e1 papp\u00edr, filmum af \u00fdmsum st\u00e6r\u00f0um, skyggnum, glerpl\u00f6tum og stafr\u00e6nu formi \u00e1 skjalas\u00f6fnunum. Menningarlegt gildi verkefnisins er \u00f3tv\u00edr\u00e6tt. Lj\u00f3smyndir sem \u00feegar liggja hj\u00e1 h\u00e9ra\u00f0sskjalas\u00f6fnum, og einnig hj\u00e1 einstaklingum, stofnunum og sveitarf\u00e9l\u00f6gum, hafa miki\u00f0 menningar- og s\u00f6gulegt gildi fyrir \u00fej\u00f3\u00f0ina og notkunarm\u00f6guleikarnir eru \u00f3endanlegir. Til a\u00f0 svo megi ver\u00f0a \u00fearf samt a\u00f0 halda vel utan um \u00fea\u00f0 myndefni sem til er, safna \u00fev\u00ed og skr\u00e1. Fjarl\u00e6g\u00f0ir milli sta\u00f0a \u00e1 landbygg\u00f0inni valda \u00fev\u00ed einnig a\u00f0 a\u00f0gengi almennings er ekki sem skyldi \u00fear sem fyrir marga er langur vegur til n\u00e6sta lj\u00f3smyndasafns og \u00fev\u00ed afar mikilv\u00e6gt a\u00f0 stu\u00f0la a\u00f0 \u00fev\u00ed a\u00f0 h\u00e6gt s\u00e9 a\u00f0 mi\u00f0la efninu me\u00f0 \u00feeim h\u00e6tti a\u00f0 \u00fea\u00f0 ver\u00f0i a\u00f0gengilegt hverjum og einum heima hj\u00e1 s\u00e9r. En \u00e1\u00f0ur en a\u00f0 \u00fev\u00ed kemur \u00fearf a\u00f0 vinna nau\u00f0synlega forvinnu sem \u00feessu verkefni er \u00e6tla\u00f0 a\u00f0 skila.<\/p>\n<p><img loading=\"lazy\" decoding=\"async\" src=\"http:\/\/wayback.vefsafn.is\/wayback\/20140711200130im_\/http:\/\/heradsskjalasafn.is\/images\/stories\/her_arn_ljosmyndaverkefni2.jpg\" alt=\"her_arn_ljosmyndaverkefni2\" width=\"500\" height=\"325\" \/><\/p>\n<p><em>H\u00e9ra\u00f0sskjalaver\u00f0ir, fv. \u00deorsteinn Tryggvi M\u00e1sson H\u00e9ra\u00f0sskjalasafni \u00c1rnesinga, Unnar Ingvarsson H\u00e9ra\u00f0sskjalasafni Skagfir\u00f0inga og Hrafnkell L\u00e1russon H\u00e9ra\u00f0sskjalasafni Austfir\u00f0inga undirrita samstarfssamning.<\/em><\/p>\n<p>27. jan\u00faar undirritu\u00f0u h\u00e9ra\u00f0sskjalaver\u00f0ir Skagfir\u00f0inga, Austfir\u00f0inga og \u00c1rnesinga samstarfssamning vegna verkefnisins en s\u00f6fnin munu hafa v\u00ed\u00f0t\u00e6kt samr\u00e1\u00f0 um a\u00f0fer\u00f0ir vi\u00f0 sk\u00f6nnun og skr\u00e1ningu, svo sem h\u00e6gt er me\u00f0 \u00fea\u00f0 a\u00f0 markmi\u00f0i a\u00f0 einfalda leitarb\u00e6rni lj\u00f3smynda. \u00de\u00e1 munu starfsmenn safnanna leitast vi\u00f0 a\u00f0 afla s\u00e9r sameiginlegrar \u00feekkingar \u00e1 uppbyggingu lj\u00f3smyndabanka og hafa starfsmenn safnanna me\u00f0 s\u00e9r reglulega fundi til a\u00f0 samr\u00e6ma a\u00f0ger\u00f0ir eftir \u00fev\u00ed sem vi\u00f0 ver\u00f0ur komi\u00f0. Starfsmenn mun einnig a\u00f0sto\u00f0a vi\u00f0 a\u00f0 \u00feekkja myndefni hvort hj\u00e1 \u00f6\u00f0ru, s\u00e9rstaklega \u00feegar myndir eru teknar \u00e1 sv\u00e6\u00f0i hins safnsins. Skjalas\u00f6fnin munu byggja upp myndabanka hvert \u00e1 s\u00ednu sv\u00e6\u00f0i, en v\u00edsa\u00f0 ver\u00f0ur \u00e1 milli bankanna \u00e1 heimas\u00ed\u00f0u skjalasafnanna. Jafnframt munu skjalas\u00f6fnin standa a\u00f0 sameiginlegri kynningu \u00e1 verkefninu.<\/p>\n<p>Framt\u00ed\u00f0armarkmi\u00f0 verkefnisins er a\u00f0 gera \u00feann menningararf sem liggur \u00ed lj\u00f3smyndum a\u00f0gengilegan \u00e1 netinu. \u00deannig g\u00e6tu \u00edb\u00faar \u00feeirra landshluta sem s\u00f6fnin \u00fej\u00f3na, sem og a\u00f0rir \u00e1hugasamir, \u00ed framt\u00ed\u00f0inni n\u00e1lgast efni\u00f0 fr\u00e1 heimilum s\u00ednum e\u00f0a vinnust\u00f6\u00f0um.<\/p>\n<p>\u00deTM<\/p>\n","protected":false},"excerpt":{"rendered":"<p>H\u00e9ra\u00f0sskjalasafn Skagfir\u00f0inga, H\u00e9ra\u00f0sskjalasafn Ausfir\u00f0ing og H\u00e9ra\u00f0sskjalasafn \u00c1rnesinga s\u00f3ttu eftir \u00fev\u00ed a\u00f0 fj\u00e1rlaganefnd Al\u00feingis legg\u00f0i fj\u00e1rmuni \u00ed n\u00fdtt atvinnuskapandi verkefni vi\u00f0 sk\u00f6nnun og skr\u00e1ningu \u00e1 lj\u00f3smyndum \u00ed v\u00f6rslu safnanna. \u00c1 skjalas\u00f6fnunum var \u00feegar fyrir \u00feekking til a\u00f0 vinna verkefni\u00f0. \u00c1 fj\u00e1rl\u00f6gum<\/p>\n","protected":false},"author":2,"featured_media":0,"comment_status":"closed","ping_status":"closed","sticky":false,"template":"","format":"standard","meta":{"footnotes":""},"categories":[5],"tags":[],"class_list":["post-298","post","type-post","status-publish","format-standard","hentry","category-frettir"],"_links":{"self":[{"href":"https:\/\/heradsskjalasafn.is\/index.php?rest_route=\/wp\/v2\/posts\/298","targetHints":{"allow":["GET"]}}],"collection":[{"href":"https:\/\/heradsskjalasafn.is\/index.php?rest_route=\/wp\/v2\/posts"}],"about":[{"href":"https:\/\/heradsskjalasafn.is\/index.php?rest_route=\/wp\/v2\/types\/post"}],"author":[{"embeddable":true,"href":"https:\/\/heradsskjalasafn.is\/index.php?rest_route=\/wp\/v2\/users\/2"}],"replies":[{"embeddable":true,"href":"https:\/\/heradsskjalasafn.is\/index.php?rest_route=%2Fwp%2Fv2%2Fcomments&post=298"}],"version-history":[{"count":1,"href":"https:\/\/heradsskjalasafn.is\/index.php?rest_route=\/wp\/v2\/posts\/298\/revisions"}],"predecessor-version":[{"id":299,"href":"https:\/\/heradsskjalasafn.is\/index.php?rest_route=\/wp\/v2\/posts\/298\/revisions\/299"}],"wp:attachment":[{"href":"https:\/\/heradsskjalasafn.is\/index.php?rest_route=%2Fwp%2Fv2%2Fmedia&parent=298"}],"wp:term":[{"taxonomy":"category","embeddable":true,"href":"https:\/\/heradsskjalasafn.is\/index.php?rest_route=%2Fwp%2Fv2%2Fcategories&post=298"},{"taxonomy":"post_tag","embeddable":true,"href":"https:\/\/heradsskjalasafn.is\/index.php?rest_route=%2Fwp%2Fv2%2Ftags&post=298"}],"curies":[{"name":"wp","href":"https:\/\/api.w.org\/{rel}","templated":true}]}}