{"id":294,"date":"2011-01-20T09:30:05","date_gmt":"2011-01-20T09:30:05","guid":{"rendered":"http:\/\/wp2.edge.is\/?p=294"},"modified":"2016-11-07T09:30:20","modified_gmt":"2016-11-07T09:30:20","slug":"breskum-borgurum-audveldad-ad-fylgjast-med-opinberum-stofnunum","status":"publish","type":"post","link":"https:\/\/heradsskjalasafn.is\/?p=294","title":{"rendered":"Breskum borgurum au\u00f0velda\u00f0 a\u00f0 fylgjast me\u00f0 opinberum stofnunum"},"content":{"rendered":"<p>\u00deann 7. jan\u00faar sl. birti d\u00f3msm\u00e1lar\u00e1\u00f0uneyti Bretlands fr\u00e9ttatilkynningu um \u00feau \u00e1form a\u00f0 auka vi\u00f0 gildissvi\u00f0 uppl\u00fdsingalaga Breta (FOI e\u00f0a Freedom of Information Act) \u00a0til a\u00f0 gefa almenningi kost \u00e1 a\u00f0 fylgjast betur me\u00f0 stj\u00f3rnv\u00f6ldum og fleiri opinberum a\u00f0ilum.<\/p>\n<p>Breytingarnar munu au\u00f0velda f\u00f3lki a\u00f0 nota uppl\u00fdsingal\u00f6gin til a\u00f0 finna og nota uppl\u00fdsingar um opinbera a\u00f0ila og hvernig skattar \u00feeirra eru n\u00fdttir. Uppl\u00fdsingal\u00f6gin munu einnig gilda um fleiri a\u00f0ila, \u00fear \u00e1 me\u00f0al um fyrirt\u00e6ki \u00ed opinberri eigu, hafnaryfirv\u00f6ld, samt\u00f6k sveitarf\u00e9laga o.s.frv.<\/p>\n<p>Jafnframt ver\u00f0ur megin\u00feorri opinberra skjala sem var\u00f0veitt eru \u00ed \u00dej\u00f3\u00f0skjalasafni Bretlands og \u00f6\u00f0rum opinberum skjalas\u00f6fnum, a\u00f0gengilegur almenningi \u00feegar \u00feau eru 20 \u00e1ra \u00ed sta\u00f0 30 \u00e1ra eins og n\u00fa er og sama \u00e1 vi\u00f0 um skj\u00f6l \u00ed r\u00e1\u00f0uneytum og hj\u00e1 fleiri opinberum a\u00f0ilum.<\/p>\n<p>D\u00f3msm\u00e1lar\u00e1\u00f0herra Breta, McNally l\u00e1var\u00f0ur seg\u00f0i af \u00fev\u00ed tilefni a\u00f0 \u201ealmenningur \u00e6tti r\u00e9tt \u00e1 stj\u00f3rn sem v\u00e6ri opin og \u00e1byrg fyrir ger\u00f0um s\u00ednum. M\u00e9r er \u00e1n\u00e6gja a\u00f0 tilkynna um \u00feessar r\u00e1\u00f0stafanir til a\u00f0 auka vi\u00f0 gildissvi\u00f0 uppl\u00fdsingalaganna, sem munu l\u00e1ta upp \u00ed hendurnar \u00e1 f\u00f3lki fleiri verkf\u00e6ri til \u00feess a\u00f0 komast a\u00f0 \u00fev\u00ed hvort \u00fe\u00fasundir breskra stofnana starfi \u00ed \u00fe\u00e1gu almenning og skapi ver\u00f0m\u00e6ti sem svari fj\u00e1rveitingum. En verkinu er ekki loki\u00f0 me\u00f0 \u00feessu \u00a0\u2013 vi\u00f0 munum endursko\u00f0a uppl\u00fdsingal\u00f6gin \u00ed heild til a\u00f0 tryggja a\u00f0 \u00e1hrif \u00feeirra ver\u00f0i sem \u00e1rangursr\u00edkust.\u201c Hann sag\u00f0i ennfremur a\u00f0 endursko\u00f0un laganna v\u00e6ri hluti af lofor\u00f0um r\u00edkisstj\u00f3rninnar um gagns\u00e6i. Stefnt v\u00e6ri a\u00f0 \u00fev\u00ed a\u00f0 b\u00e6ta vi\u00f0 \u00fe\u00e6r uppl\u00fdsingar sem almenningur hef\u00f0i a\u00f0gang a\u00f0 og a\u00f0 r\u00edkisstj\u00f3rnin hef\u00f0i \u00feegar n\u00e1\u00f0 verulegum \u00e1rangri vi\u00f0 \u00fea\u00f0.<\/p>\n<p>Fr\u00e9ttatilkynninguna m\u00e1 n\u00e1lgast<a href=\"http:\/\/www.justice.gov.uk\/news\/newsrelease070111a.htm\" target=\"_blank\"> h\u00e9r<\/a> \u00ed heild sinni.<\/p>\n<p>Sta\u00f0a m\u00e1la \u00e1 \u00cdslandi er ger\u00f3l\u00edk \u00feessu og gildandi uppl\u00fdsingal\u00f6g h\u00e9rlendis vir\u00f0ast veita almenningi meira a\u00f0gengi. \u00deau er n\u00fa veri\u00f0 a\u00f0 endursko\u00f0a. Ein af meginbreytingunum \u00e1 \u00feeim frumvarpsdr\u00f6gum sem Fors\u00e6tisr\u00e1\u00f0uneyti\u00f0 hefur kynnt fr\u00e1 gildandi l\u00f6gum g\u00e6ti takmarka a\u00f0gengi almennings frekar a\u00f0 skj\u00f6lum opinberra a\u00f0ila fr\u00e1 \u00fev\u00ed sem n\u00fa er.<\/p>\n<p>Samkv\u00e6mt dr\u00f6gum a\u00f0 frumvarpi til laga um \u00dej\u00f3\u00f0skjalasafn \u00cdslands munu opinber skjalas\u00f6fn\u00a0 a\u00f0 jafna\u00f0i taka ekki vi\u00f0 papp\u00edrsskj\u00f6lum fyrr en \u00feau eru 30 \u00e1ra g\u00f6mul. \u00de\u00e6r stofnanir sem hafa heimild til a\u00f0 var\u00f0veita skj\u00f6l s\u00edn \u00e1 rafr\u00e6nu formi eiga a\u00f0 afhenda \u00feau \u00e1 fimm \u00e1ra fresti. \u00dej\u00f3\u00f0skjalasafn mun \u00fe\u00f3 ekki veita a\u00f0gengi a\u00f0 rafr\u00e6nu skj\u00f6lunum heldur ver\u00f0a stofnanirnar a\u00f0 gera \u00fea\u00f0 \u00ed 20 \u00e1r. \u00c1hrif \u00feessara lagabreytinga, \u00fe.e. \u00e1 uppl\u00fdsingal\u00f6gum og l\u00f6gum um \u00dej\u00f3\u00f0skjalasafn \u00cdslands g\u00e6tu \u00fev\u00ed torvelda\u00f0 a\u00f0gengi almennings a\u00f0 skjalas\u00f6fnum opinbera a\u00f0ila \u00ed sta\u00f0 \u00feess a\u00f0 au\u00f0velda \u00fea\u00f0. \u00deetta er athyglisvert \u00ed lj\u00f3si breytinga \u00e1 uppl\u00fdsingal\u00f6gum Breta og krafna um auki\u00f0 gegns\u00e6i \u00ed opinberri stj\u00f3rns\u00fdslu.<\/p>\n<p>\u00de\u00e1 f\u00e6r \u00dej\u00f3\u00f0skjalasafn heimild til gjaldt\u00f6ku vegna v\u00f6rslu \u00e1 papp\u00edrsskj\u00f6lum sem ekki eru or\u00f0in 30 \u00e1ra. S\u00fa heimild mun vafal\u00edti\u00f0 koma \u00ed veg fyrir a\u00f0 stofnanir afhendi \u00dej\u00f3\u00f0skjalasafni skj\u00f6l s\u00edn fyrr en eftir 30 \u00e1r. H\u00e9ra\u00f0sskjalas\u00f6fnin hafa hinga\u00f0 til teki\u00f0 vi\u00f0 papp\u00edrsskj\u00f6lum \u00f3h\u00e1\u00f0 \u00fev\u00ed hven\u00e6r \u00feau er myndu\u00f0 og er \u00fea\u00f0 gert \u00ed g\u00f3\u00f0ri samvinnu vi\u00f0 sveitarf\u00e9l\u00f6gin sem a\u00f0 \u00feeim standa. Br\u00fdnt er a\u00f0 heildarendursko\u00f0un \u00e1 l\u00f6gum um \u00dej\u00f3\u00f0skjalasafn \u00cdslands styrki starfsemi h\u00e9ra\u00f0sskjalasafnanna enn frekar en gildandi l\u00f6g kve\u00f0a \u00e1 um.<\/p>\n","protected":false},"excerpt":{"rendered":"<p>\u00deann 7. jan\u00faar sl. birti d\u00f3msm\u00e1lar\u00e1\u00f0uneyti Bretlands fr\u00e9ttatilkynningu um \u00feau \u00e1form a\u00f0 auka vi\u00f0 gildissvi\u00f0 uppl\u00fdsingalaga Breta (FOI e\u00f0a Freedom of Information Act) \u00a0til a\u00f0 gefa almenningi kost \u00e1 a\u00f0 fylgjast betur me\u00f0 stj\u00f3rnv\u00f6ldum og fleiri opinberum a\u00f0ilum. Breytingarnar munu<\/p>\n","protected":false},"author":2,"featured_media":0,"comment_status":"closed","ping_status":"closed","sticky":false,"template":"","format":"standard","meta":{"footnotes":""},"categories":[5],"tags":[],"class_list":["post-294","post","type-post","status-publish","format-standard","hentry","category-frettir"],"_links":{"self":[{"href":"https:\/\/heradsskjalasafn.is\/index.php?rest_route=\/wp\/v2\/posts\/294","targetHints":{"allow":["GET"]}}],"collection":[{"href":"https:\/\/heradsskjalasafn.is\/index.php?rest_route=\/wp\/v2\/posts"}],"about":[{"href":"https:\/\/heradsskjalasafn.is\/index.php?rest_route=\/wp\/v2\/types\/post"}],"author":[{"embeddable":true,"href":"https:\/\/heradsskjalasafn.is\/index.php?rest_route=\/wp\/v2\/users\/2"}],"replies":[{"embeddable":true,"href":"https:\/\/heradsskjalasafn.is\/index.php?rest_route=%2Fwp%2Fv2%2Fcomments&post=294"}],"version-history":[{"count":1,"href":"https:\/\/heradsskjalasafn.is\/index.php?rest_route=\/wp\/v2\/posts\/294\/revisions"}],"predecessor-version":[{"id":295,"href":"https:\/\/heradsskjalasafn.is\/index.php?rest_route=\/wp\/v2\/posts\/294\/revisions\/295"}],"wp:attachment":[{"href":"https:\/\/heradsskjalasafn.is\/index.php?rest_route=%2Fwp%2Fv2%2Fmedia&parent=294"}],"wp:term":[{"taxonomy":"category","embeddable":true,"href":"https:\/\/heradsskjalasafn.is\/index.php?rest_route=%2Fwp%2Fv2%2Fcategories&post=294"},{"taxonomy":"post_tag","embeddable":true,"href":"https:\/\/heradsskjalasafn.is\/index.php?rest_route=%2Fwp%2Fv2%2Ftags&post=294"}],"curies":[{"name":"wp","href":"https:\/\/api.w.org\/{rel}","templated":true}]}}