{"id":292,"date":"2011-01-10T09:29:34","date_gmt":"2011-01-10T09:29:34","guid":{"rendered":"http:\/\/wp2.edge.is\/?p=292"},"modified":"2016-11-07T09:29:51","modified_gmt":"2016-11-07T09:29:51","slug":"stada-thjodskjalasafns-brasiliu-ryrd","status":"publish","type":"post","link":"https:\/\/heradsskjalasafn.is\/?p=292","title":{"rendered":"Sta\u00f0a \u00dej\u00f3\u00f0skjalasafns Brasil\u00edu r\u00fdr\u00f0"},"content":{"rendered":"<p>Eftir kosningar \u00ed desember \u00ed Brasil\u00edu hefur veri\u00f0 tilkynnt opinberlega a\u00f0 \u00dej\u00f3\u00f0skjalasafn Brasil\u00edu Arquivo Nacional ver\u00f0i flutt undan forsetaemb\u00e6ttinu, \u00fear sem \u00fea\u00f0 hefur veri\u00f0 fr\u00e1 \u00e1rinu 2000 og undir d\u00f3msm\u00e1lar\u00e1\u00f0uneyti\u00f0 \u00fe.e. \u00fev\u00ed ver\u00f0ur hnika\u00f0 ni\u00f0ur \u00e1 vi\u00f0 og til hli\u00f0ar. \u00dea\u00f0 er tali\u00f0 veikja sj\u00e1lfst\u00e6\u00f0i \u00feess og v\u00e6gi \u00ed stj\u00f3rns\u00fdslunni. Skjalaver\u00f0ir \u00ed Brasil\u00edu eru undrandi \u00e1 \u00feessu og \u00ed uppn\u00e1mi.<\/p>\n<p>F\u00e9lag brasil\u00edskra skjalavar\u00f0a Associa\u00e7\u00e3o dos Arquivistas Brasileiros hefur \u00f3ska\u00f0 eftir \u00fev\u00ed vi\u00f0 \u00fearlend stj\u00f3rnv\u00f6ld a\u00f0 \u00dej\u00f3\u00f0skjalasafninu ver\u00f0i haldi\u00f0 varanlega undir forr\u00e6\u00f0i forsetaemb\u00e6ttisins. Undirskriftarlisti \u00ed formi opinberrar b\u00e6naskr\u00e1r hefur veri\u00f0 settur \u00ed umfer\u00f0.<\/p>\n<p>\u00deetta er umhugsunarvert \u00ed lj\u00f3si \u00feess hvernig m\u00e1lum er h\u00e1tta\u00f0 \u00e1 \u00cdslandi, en h\u00e9r \u00e1 landi er \u00dej\u00f3\u00f0skjalasafni \u00cdslands skipa\u00f0 undir mennta- og menningarm\u00e1lar\u00e1\u00f0uneyti.<\/p>\n<p><a href=\"http:\/\/aab.org.br\/index.php?option=com_content&amp;view=article&amp;id=275%3Amanifestacao-da-aab-em-relacao-ao-retorno-do-arquivo-nacional-para-a-estrutura-do-ministerio-da-justica&amp;catid=40%3Adestaques&amp;lang=pt\" target=\"_blank\">Yfirl\u00fdsing F\u00e9lags Brasil\u00edskra skjalavar\u00f0a um m\u00e1li\u00f0 (\u00e1 port\u00fag\u00f6lsku)<\/a>.<\/p>\n","protected":false},"excerpt":{"rendered":"<p>Eftir kosningar \u00ed desember \u00ed Brasil\u00edu hefur veri\u00f0 tilkynnt opinberlega a\u00f0 \u00dej\u00f3\u00f0skjalasafn Brasil\u00edu Arquivo Nacional ver\u00f0i flutt undan forsetaemb\u00e6ttinu, \u00fear sem \u00fea\u00f0 hefur veri\u00f0 fr\u00e1 \u00e1rinu 2000 og undir d\u00f3msm\u00e1lar\u00e1\u00f0uneyti\u00f0 \u00fe.e. \u00fev\u00ed ver\u00f0ur hnika\u00f0 ni\u00f0ur \u00e1 vi\u00f0 og til hli\u00f0ar.<\/p>\n","protected":false},"author":2,"featured_media":0,"comment_status":"closed","ping_status":"closed","sticky":false,"template":"","format":"standard","meta":{"footnotes":""},"categories":[5],"tags":[],"class_list":["post-292","post","type-post","status-publish","format-standard","hentry","category-frettir"],"_links":{"self":[{"href":"https:\/\/heradsskjalasafn.is\/index.php?rest_route=\/wp\/v2\/posts\/292","targetHints":{"allow":["GET"]}}],"collection":[{"href":"https:\/\/heradsskjalasafn.is\/index.php?rest_route=\/wp\/v2\/posts"}],"about":[{"href":"https:\/\/heradsskjalasafn.is\/index.php?rest_route=\/wp\/v2\/types\/post"}],"author":[{"embeddable":true,"href":"https:\/\/heradsskjalasafn.is\/index.php?rest_route=\/wp\/v2\/users\/2"}],"replies":[{"embeddable":true,"href":"https:\/\/heradsskjalasafn.is\/index.php?rest_route=%2Fwp%2Fv2%2Fcomments&post=292"}],"version-history":[{"count":1,"href":"https:\/\/heradsskjalasafn.is\/index.php?rest_route=\/wp\/v2\/posts\/292\/revisions"}],"predecessor-version":[{"id":293,"href":"https:\/\/heradsskjalasafn.is\/index.php?rest_route=\/wp\/v2\/posts\/292\/revisions\/293"}],"wp:attachment":[{"href":"https:\/\/heradsskjalasafn.is\/index.php?rest_route=%2Fwp%2Fv2%2Fmedia&parent=292"}],"wp:term":[{"taxonomy":"category","embeddable":true,"href":"https:\/\/heradsskjalasafn.is\/index.php?rest_route=%2Fwp%2Fv2%2Fcategories&post=292"},{"taxonomy":"post_tag","embeddable":true,"href":"https:\/\/heradsskjalasafn.is\/index.php?rest_route=%2Fwp%2Fv2%2Ftags&post=292"}],"curies":[{"name":"wp","href":"https:\/\/api.w.org\/{rel}","templated":true}]}}