{"id":290,"date":"2011-01-05T09:29:05","date_gmt":"2011-01-05T09:29:05","guid":{"rendered":"http:\/\/wp2.edge.is\/?p=290"},"modified":"2016-11-07T09:29:23","modified_gmt":"2016-11-07T09:29:23","slug":"hvar-eru-konurnar","status":"publish","type":"post","link":"https:\/\/heradsskjalasafn.is\/?p=290","title":{"rendered":"Hvar eru konurnar?"},"content":{"rendered":"<p>Gestir \u00e1 H\u00e9ra\u00f0sskjalasafni Skagfir\u00f0inga hafa aldrei veri\u00f0 fleiri en \u00e1ri\u00f0 2010. Alls komu 1656 manns \u00e1 safni\u00f0 \u00ed leit a\u00f0 uppl\u00fdsingum \u00e1 \u00e1rinu og eru \u00fe\u00e1 ekki taldir me\u00f0 \u00feeir sem unnu a\u00f0 fr\u00e6\u00f0ist\u00f6rfum fyrir Bygg\u00f0as\u00f6gu Skagafjar\u00f0ar \u00e1 \u00e1rinu. Athygli vekur hins vegar a\u00f0 karlar voru \u00ed miklum meirihluta gesta, en a\u00f0eins 223 konur l\u00f6g\u00f0u lei\u00f0 s\u00edna \u00e1 safni\u00f0 \u00e1 \u00e1rinu.<\/p>\n<p><img loading=\"lazy\" decoding=\"async\" src=\"http:\/\/wayback.vefsafn.is\/wayback\/20130713185203im_\/http:\/\/www.heradsskjalasafn.is\/images\/stories\/her_skag_graf.jpg\" alt=\"her_skag_graf\" width=\"370\" height=\"226\" \/><\/p>\n<p><em>Alls komu 1656 gestir \u00e1 skjalasafni\u00f0, 223 gestir e\u00f0a 13% eru konur, karlar eru 1433 e\u00f0a 87% gesta.<\/em><\/p>\n<p>Kvenhylli starfsf\u00f3lks H\u00e9ra\u00f0sskjalasafnsins er \u00fev\u00ed greinilega \u00ed minna lagi. Hins vegar l\u00edtur d\u00e6mi\u00f0 \u00f6\u00f0ruv\u00edsi \u00fat ef liti\u00f0 er til fyrirspurna sem safninu b\u00e1rust me\u00f0 t\u00f6lvup\u00f3sti e\u00f0a s\u00edma. Fyrirspurnirnar voru alls 437 og voru karlar 2\/3 \u00feeirra sem l\u00f6g\u00f0u fram fyrirspurnir. Hluti af sk\u00fdringunni vir\u00f0ist vera s\u00fa a\u00f0 skagfirskir karlar sj\u00e1 enn \u00ed miklu m\u00e6li um m\u00e1l sem snerta eignarhald s.s. landamerki jar\u00f0a, l\u00f3\u00f0am\u00f6rk og \u00feess h\u00e1ttar, en konur huga fremur a\u00f0 m\u00e1lefnum fj\u00f6lskyldunnar s.s. m\u00e1lefnum barna o.\u00fe.h.\u00a0 \u00deessi sta\u00f0reynd er \u00e1 margan h\u00e1tt merkileg og v\u00e6ri fr\u00f3\u00f0legt a\u00f0 vita hvort \u00feetta s\u00e9 einnig raunin \u00e1 \u00f6\u00f0rum skjalas\u00f6fnum.<\/p>\n<p>UI<\/p>\n","protected":false},"excerpt":{"rendered":"<p>Gestir \u00e1 H\u00e9ra\u00f0sskjalasafni Skagfir\u00f0inga hafa aldrei veri\u00f0 fleiri en \u00e1ri\u00f0 2010. Alls komu 1656 manns \u00e1 safni\u00f0 \u00ed leit a\u00f0 uppl\u00fdsingum \u00e1 \u00e1rinu og eru \u00fe\u00e1 ekki taldir me\u00f0 \u00feeir sem unnu a\u00f0 fr\u00e6\u00f0ist\u00f6rfum fyrir Bygg\u00f0as\u00f6gu Skagafjar\u00f0ar \u00e1 \u00e1rinu. Athygli<\/p>\n","protected":false},"author":2,"featured_media":0,"comment_status":"closed","ping_status":"closed","sticky":false,"template":"","format":"standard","meta":{"footnotes":""},"categories":[5],"tags":[],"class_list":["post-290","post","type-post","status-publish","format-standard","hentry","category-frettir"],"_links":{"self":[{"href":"https:\/\/heradsskjalasafn.is\/index.php?rest_route=\/wp\/v2\/posts\/290","targetHints":{"allow":["GET"]}}],"collection":[{"href":"https:\/\/heradsskjalasafn.is\/index.php?rest_route=\/wp\/v2\/posts"}],"about":[{"href":"https:\/\/heradsskjalasafn.is\/index.php?rest_route=\/wp\/v2\/types\/post"}],"author":[{"embeddable":true,"href":"https:\/\/heradsskjalasafn.is\/index.php?rest_route=\/wp\/v2\/users\/2"}],"replies":[{"embeddable":true,"href":"https:\/\/heradsskjalasafn.is\/index.php?rest_route=%2Fwp%2Fv2%2Fcomments&post=290"}],"version-history":[{"count":1,"href":"https:\/\/heradsskjalasafn.is\/index.php?rest_route=\/wp\/v2\/posts\/290\/revisions"}],"predecessor-version":[{"id":291,"href":"https:\/\/heradsskjalasafn.is\/index.php?rest_route=\/wp\/v2\/posts\/290\/revisions\/291"}],"wp:attachment":[{"href":"https:\/\/heradsskjalasafn.is\/index.php?rest_route=%2Fwp%2Fv2%2Fmedia&parent=290"}],"wp:term":[{"taxonomy":"category","embeddable":true,"href":"https:\/\/heradsskjalasafn.is\/index.php?rest_route=%2Fwp%2Fv2%2Fcategories&post=290"},{"taxonomy":"post_tag","embeddable":true,"href":"https:\/\/heradsskjalasafn.is\/index.php?rest_route=%2Fwp%2Fv2%2Ftags&post=290"}],"curies":[{"name":"wp","href":"https:\/\/api.w.org\/{rel}","templated":true}]}}