{"id":271,"date":"2011-01-04T09:28:02","date_gmt":"2011-01-04T09:28:02","guid":{"rendered":"http:\/\/wp2.edge.is\/?p=271"},"modified":"2016-11-07T09:28:44","modified_gmt":"2016-11-07T09:28:44","slug":"reglur-um-fragang-skraningu-og-afhendingu-pappirsskjala","status":"publish","type":"post","link":"https:\/\/heradsskjalasafn.is\/?p=271","title":{"rendered":"Reglur um fr\u00e1gang, skr\u00e1ningu og afhendingu papp\u00edrsskjala"},"content":{"rendered":"<p>\u00deann 30. desember sl. voru augl\u00fdstar \u00ed\u00a0Stj\u00f3rnart\u00ed\u00f0indum n\u00fdjar reglur \u00dej\u00f3\u00f0skjalasafns \u00cdslands um fr\u00e1gang, skr\u00e1ningu og afhendingu papp\u00edrsskjala afhendingarskyldra a\u00f0ila og t\u00f3ku \u00fe\u00e6r gildi \u00feann 1. jan\u00faar 2011.<\/p>\n<div>\u00a0Reglur \u00feessar gilda um emb\u00e6tti forseta \u00cdslands, Al\u00feingi, H\u00e6star\u00e9tt, d\u00f3mst\u00f3la, Stj\u00f3rnarr\u00e1\u00f0i\u00f0 og \u00fe\u00e6r stofnanir sem undir \u00fea\u00f0 heyra, svo og a\u00f0rar stofnanir r\u00edkisins, fyrirt\u00e6ki \u00ed eigu r\u00edkisins, sveitarf\u00e9l\u00f6g og afhendingarskylda a\u00f0ila \u00e1 \u00feeirra vegum, sbr. 5 gr. laga nr. 66\/1985 um \u00dej\u00f3\u00f0skjalasafn \u00cdslands.<\/div>\n<p>\u00dear sem h\u00e9ra\u00f0sskjalas\u00f6fn eru starfandi skulu sveitarf\u00e9l\u00f6g og afhendingaskyldir a\u00f0ilar \u00feeirra afhenda papp\u00edrsskjalas\u00f6fn s\u00edn til vi\u00f0komandi h\u00e9ra\u00f0sskjalasafns. \u00deau sveitarf\u00e9l\u00f6g sem ekki standa a\u00f0 rekstri h\u00e9ra\u00f0sskjalasafns eiga a\u00f0 afhenda skj\u00f6l s\u00edn til \u00dej\u00f3\u00f0skjalasafns \u00cdslands. Reglurnar gilda um fr\u00e1gang og skr\u00e1ningu papp\u00edrsskjala afhendingarskyldra a\u00f0ila, sem ber a\u00f0 afhenda \u00dej\u00f3\u00f0skjalasafni \u00cdslands a\u00f0 jafna\u00f0i eigi s\u00ed\u00f0ar en \u00feegar \u00feau hafa n\u00e1\u00f0 \u00ferj\u00e1t\u00edu \u00e1ra aldri sbr. 6. gr. laga nr. 66\/1985 um \u00dej\u00f3\u00f0skjalasafn \u00cdslands.<\/p>\n<p>N\u00e1nari uppl\u00fdsingar eru \u00ed reglunum sj\u00e1lfum sem m\u00e1 n\u00e1lgast <a href=\"http:\/\/www.stjornartidindi.is\/Advert.aspx?ID=0bbe6eaa-14ec-49ac-a39c-80a6295dab44\" target=\"_blank\">h\u00e9r<\/a>.<\/p>\n","protected":false},"excerpt":{"rendered":"<p>\u00deann 30. desember sl. voru augl\u00fdstar \u00ed\u00a0Stj\u00f3rnart\u00ed\u00f0indum n\u00fdjar reglur \u00dej\u00f3\u00f0skjalasafns \u00cdslands um fr\u00e1gang, skr\u00e1ningu og afhendingu papp\u00edrsskjala afhendingarskyldra a\u00f0ila og t\u00f3ku \u00fe\u00e6r gildi \u00feann 1. jan\u00faar 2011. \u00a0Reglur \u00feessar gilda um emb\u00e6tti forseta \u00cdslands, Al\u00feingi, H\u00e6star\u00e9tt, d\u00f3mst\u00f3la, Stj\u00f3rnarr\u00e1\u00f0i\u00f0 og \u00fe\u00e6r<\/p>\n","protected":false},"author":2,"featured_media":0,"comment_status":"closed","ping_status":"closed","sticky":false,"template":"","format":"standard","meta":{"footnotes":""},"categories":[5],"tags":[],"class_list":["post-271","post","type-post","status-publish","format-standard","hentry","category-frettir"],"_links":{"self":[{"href":"https:\/\/heradsskjalasafn.is\/index.php?rest_route=\/wp\/v2\/posts\/271","targetHints":{"allow":["GET"]}}],"collection":[{"href":"https:\/\/heradsskjalasafn.is\/index.php?rest_route=\/wp\/v2\/posts"}],"about":[{"href":"https:\/\/heradsskjalasafn.is\/index.php?rest_route=\/wp\/v2\/types\/post"}],"author":[{"embeddable":true,"href":"https:\/\/heradsskjalasafn.is\/index.php?rest_route=\/wp\/v2\/users\/2"}],"replies":[{"embeddable":true,"href":"https:\/\/heradsskjalasafn.is\/index.php?rest_route=%2Fwp%2Fv2%2Fcomments&post=271"}],"version-history":[{"count":1,"href":"https:\/\/heradsskjalasafn.is\/index.php?rest_route=\/wp\/v2\/posts\/271\/revisions"}],"predecessor-version":[{"id":289,"href":"https:\/\/heradsskjalasafn.is\/index.php?rest_route=\/wp\/v2\/posts\/271\/revisions\/289"}],"wp:attachment":[{"href":"https:\/\/heradsskjalasafn.is\/index.php?rest_route=%2Fwp%2Fv2%2Fmedia&parent=271"}],"wp:term":[{"taxonomy":"category","embeddable":true,"href":"https:\/\/heradsskjalasafn.is\/index.php?rest_route=%2Fwp%2Fv2%2Fcategories&post=271"},{"taxonomy":"post_tag","embeddable":true,"href":"https:\/\/heradsskjalasafn.is\/index.php?rest_route=%2Fwp%2Fv2%2Ftags&post=271"}],"curies":[{"name":"wp","href":"https:\/\/api.w.org\/{rel}","templated":true}]}}