{"id":265,"date":"2010-12-10T13:16:15","date_gmt":"2010-12-10T13:16:15","guid":{"rendered":"http:\/\/wp2.edge.is\/?p=265"},"modified":"2016-11-04T13:16:38","modified_gmt":"2016-11-04T13:16:38","slug":"mynd-af-handboltalidi-kvenna-i-fram-fra-1944","status":"publish","type":"post","link":"https:\/\/heradsskjalasafn.is\/?p=265","title":{"rendered":"Mynd af handboltali\u00f0i kvenna \u00ed Fram fr\u00e1 1944"},"content":{"rendered":"<p>Borgarskjalasafni barst n\u00fdveri\u00f0 skj\u00f6l fr\u00e1 Lilju Magn\u00fasd\u00f3ttur \u00ed kj\u00f6lfar augl\u00fdsingar \u00fear sem s\u00e9rstaklega var \u00f3ska\u00f0 eftir skj\u00f6lum kvenna. \u00cd safninu eru \u00fdmis skj\u00f6l tengd\u00a0foreldrum hennar\u00a0sem voru Helga Eir\u00edksd\u00f3ttir og Magn\u00fas \u00c1g\u00fastson, m\u00e1larameistara.<\/p>\n<p>\u00cd safninu eru meistarabr\u00e9f, hj\u00f3naleyfisbr\u00e9f forseta \u00cdslands um a\u00f0 \u00feau megi giftast, pr\u00f3fsk\u00edrteini Magn\u00fasar, n\u00e1mssamningur og fleira.<\/p>\n<p>\u00dea\u00f0 sem vekur s\u00e9rstaka athygli \u00ed safninu eru nokkrar lj\u00f3smyndir af leikm\u00f6nnum knattspyrnuf\u00e9lagsins Fram \u00e1 \u00e1rum \u00e1\u00f0ur. H\u00e9r fyrir ne\u00f0an birtast tv\u00e6r \u00feeirra.<\/p>\n<p><img loading=\"lazy\" decoding=\"async\" src=\"http:\/\/wayback.vefsafn.is\/wayback\/20141026165752im_\/http:\/\/www.heradsskjalasafn.is\/images\/stories\/borgarsk_fram_kvennalid_1944.jpg\" alt=\"borgarsk_fram_kvennalid_1944\" width=\"510\" height=\"324\" \/><\/p>\n<p><em>Fyrsta kvennali\u00f0 Fram \u00ed handbolta. H\u00e9r haf\u00f0i \u00fea\u00f0 veri\u00f0 a\u00f0 keppa \u00e1 Skaganum \u00e1ri\u00f0 1944 og unnu Skagast\u00falkur me\u00f0 7 m\u00f6rkum<\/em><em> gegn engu. Helga Eir\u00edksd\u00f3ttir er \u00f6nnur af st\u00falkunum fr\u00e1 vinstri. Fyrir mi\u00f0ju er Hj\u00f6rd\u00eds Niessen markma\u00f0ur.<\/em><\/p>\n<p><img loading=\"lazy\" decoding=\"async\" src=\"http:\/\/wayback.vefsafn.is\/wayback\/20141026165752im_\/http:\/\/www.heradsskjalasafn.is\/images\/stories\/borgarsk_fram_karlalid.jpg\" alt=\"borgarsk_fram_karlalid\" width=\"510\" height=\"385\" \/><\/p>\n<p><em>Karlali\u00f0 Fram \u00ed knattspyrnu.\u00a0\u00c1 myndinni eru G\u00fastaf Sigurbjarnarson, Eir\u00edkur K. J\u00f3nsson, Geir Haukdal, \u00d3svaldur Knudsen, Kveld\u00falfur Gr\u00f6nvold, \u00de\u00f3r\u00f3lfur Karelsson, Tryggvi Forberg, Bolli Thoroddsen, Oddgeir Kjartansson, Linneus \u00d6stlund, Sveinn Gunnarsson, Karl Magn\u00fasson og Sigur\u00f0ur \u00d3. L\u00e1russon.<\/em><\/p>\n<p>\u00deeir sem hafa frekari uppl\u00fdsingar um myndirnar og \u00fe\u00e1 sem eru \u00e1 myndunum eru hvattir til a\u00f0 hafa samband vi\u00f0 Borgarskjalasafn Reykjav\u00edkur.<\/p>\n<p>SB<\/p>\n","protected":false},"excerpt":{"rendered":"<p>Borgarskjalasafni barst n\u00fdveri\u00f0 skj\u00f6l fr\u00e1 Lilju Magn\u00fasd\u00f3ttur \u00ed kj\u00f6lfar augl\u00fdsingar \u00fear sem s\u00e9rstaklega var \u00f3ska\u00f0 eftir skj\u00f6lum kvenna. \u00cd safninu eru \u00fdmis skj\u00f6l tengd\u00a0foreldrum hennar\u00a0sem voru Helga Eir\u00edksd\u00f3ttir og Magn\u00fas \u00c1g\u00fastson, m\u00e1larameistara. \u00cd safninu eru meistarabr\u00e9f, hj\u00f3naleyfisbr\u00e9f forseta \u00cdslands um<\/p>\n","protected":false},"author":2,"featured_media":0,"comment_status":"closed","ping_status":"closed","sticky":false,"template":"","format":"standard","meta":{"footnotes":""},"categories":[5],"tags":[],"class_list":["post-265","post","type-post","status-publish","format-standard","hentry","category-frettir"],"_links":{"self":[{"href":"https:\/\/heradsskjalasafn.is\/index.php?rest_route=\/wp\/v2\/posts\/265","targetHints":{"allow":["GET"]}}],"collection":[{"href":"https:\/\/heradsskjalasafn.is\/index.php?rest_route=\/wp\/v2\/posts"}],"about":[{"href":"https:\/\/heradsskjalasafn.is\/index.php?rest_route=\/wp\/v2\/types\/post"}],"author":[{"embeddable":true,"href":"https:\/\/heradsskjalasafn.is\/index.php?rest_route=\/wp\/v2\/users\/2"}],"replies":[{"embeddable":true,"href":"https:\/\/heradsskjalasafn.is\/index.php?rest_route=%2Fwp%2Fv2%2Fcomments&post=265"}],"version-history":[{"count":1,"href":"https:\/\/heradsskjalasafn.is\/index.php?rest_route=\/wp\/v2\/posts\/265\/revisions"}],"predecessor-version":[{"id":266,"href":"https:\/\/heradsskjalasafn.is\/index.php?rest_route=\/wp\/v2\/posts\/265\/revisions\/266"}],"wp:attachment":[{"href":"https:\/\/heradsskjalasafn.is\/index.php?rest_route=%2Fwp%2Fv2%2Fmedia&parent=265"}],"wp:term":[{"taxonomy":"category","embeddable":true,"href":"https:\/\/heradsskjalasafn.is\/index.php?rest_route=%2Fwp%2Fv2%2Fcategories&post=265"},{"taxonomy":"post_tag","embeddable":true,"href":"https:\/\/heradsskjalasafn.is\/index.php?rest_route=%2Fwp%2Fv2%2Ftags&post=265"}],"curies":[{"name":"wp","href":"https:\/\/api.w.org\/{rel}","templated":true}]}}