{"id":263,"date":"2010-12-05T13:15:50","date_gmt":"2010-12-05T13:15:50","guid":{"rendered":"http:\/\/wp2.edge.is\/?p=263"},"modified":"2016-11-04T13:16:06","modified_gmt":"2016-11-04T13:16:06","slug":"afmaelissyning-heradsskjalasafns-arnesinga","status":"publish","type":"post","link":"https:\/\/heradsskjalasafn.is\/?p=263","title":{"rendered":"Afm\u00e6liss\u00fdning H\u00e9ra\u00f0sskjalasafns \u00c1rnesinga"},"content":{"rendered":"<p>Afm\u00e6liss\u00fdning H\u00e9ra\u00f0sskjalasafns \u00c1rnesinga \u00ed tilefni af 25 \u00e1ra afm\u00e6li safnsins var opnu\u00f0 1. desember. \u00c1 s\u00fdningunni getur a\u00f0 l\u00edta lj\u00f3smyndir \u00ed v\u00f6rslu safnsins, flestar \u00far s\u00f6fnum T\u00f3masar J\u00f3nssonar, Sigur\u00f0ar J\u00f3nssonar og J\u00f3hanns \u00de\u00f3rs Sigurbergssonar, en r\u00famlega 100.000 myndir hafa veri\u00f0 afhentar safninu. \u00c1tak \u00ed s\u00f6fnun lj\u00f3smynda h\u00f3fst \u00ed \u00e1rsbyrjun 2010 og stendur enn, en Gunnar Sigurgeirsson lj\u00f3smyndari hefur fari\u00f0 um h\u00e9ra\u00f0i\u00f0 fyrir h\u00f6nd skjalasafnsins. Hluti af \u00feeim myndum sem n\u00fa eru til s\u00fdnis eru afrakstur af \u00feessu \u00e1taki en auk \u00feeirra eru l\u00edka s\u00fdndar myndir \u00far s\u00f6fnum annarra lj\u00f3smyndara. \u00c1 afm\u00e6liss\u00fdningunni eru r\u00famlega\u00a0 200 myndir sem eru s\u00fdndar \u00e1 3\u00d72 metra tjaldi. \u00de\u00e1 er s\u00fdndar stuttar kvikmyndir v\u00ed\u00f0svegar af \u00far s\u00fdslunni sem safninu hafa l\u00edka borist. S\u00fdningin er utandyra vi\u00f0 R\u00e1\u00f0h\u00fas \u00c1rborgar og er \u201eopin\u201c milli 16:00 og 22:00 alla daga til j\u00f3la.<\/p>\n<div><img loading=\"lazy\" decoding=\"async\" src=\"http:\/\/wayback.vefsafn.is\/wayback\/20141025064608im_\/http:\/\/www.heradsskjalasafn.is\/images\/stories\/her_arn_25_ara_afmaeli_3.jpg\" alt=\"her_arn_25_ara_afmaeli_3\" width=\"550\" height=\"367\" \/><\/div>\n<p><em>H\u00e9r m\u00e1 sj\u00e1 gesti vi\u00f0 myndagluggann \u00ed R\u00e1\u00f0h\u00fasi Sveitarf\u00e9lagsins \u00c1rborgar \u00fear sem h\u00e9ra\u00f0sskjalasafni\u00f0 er til h\u00fasa.<\/em><\/p>\n<p>Undirb\u00faning a\u00f0 stofnun h\u00e9ra\u00f0sskjalasafnsins m\u00e1 rekja aftur til \u00e1rsins 1982 \u00feegar \u00e1hugamanaf\u00e9lag um h\u00e9ra\u00f0ss\u00f6gu var sett \u00e1 f\u00f3t. \u00c1 a\u00f0alfundi s\u00fdslunefndar \u00c1rness\u00fdslu 6. og 7. j\u00fan\u00ed 1985 var stofnsam\u00feykkt H\u00e9ra\u00f0sskjalasafns \u00c1rnesinga sam\u00feykkt og s\u00ed\u00f0an undirritu\u00f0 af \u00fej\u00f3\u00f0skjalaver\u00f0i 15. n\u00f3vember 1985 sem telst formlegur stofndagur h\u00e9ra\u00f0sskjalasafnsins. Sumari\u00f0 1985 var Finnur Magn\u00fasson r\u00e1\u00f0inn til a\u00f0 fara um s\u00fdsluna til a\u00f0 safna skj\u00f6lum, afla uppl\u00fdsinga og kynna skjalasafni\u00f0. \u00c1ri\u00f0 1986 var Inga L\u00e1ra Baldvinsd\u00f3ttir r\u00e1\u00f0in til a\u00f0 safna skj\u00f6lum en Kristinn J\u00fal\u00edusson s\u00e1 um m\u00f3tt\u00f6ku skjala. Erlingur Brynj\u00f3lfsson gekk s\u00ed\u00f0an til li\u00f0s vi\u00f0 skjalasafni\u00f0 \u00ed hlutast\u00f6\u00f0u 1988. En ekki var fastur starfsma\u00f0ur vi\u00f0 safni\u00f0.<\/p>\n<p><img loading=\"lazy\" decoding=\"async\" src=\"http:\/\/wayback.vefsafn.is\/wayback\/20141025064608im_\/http:\/\/www.heradsskjalasafn.is\/images\/stories\/her_arn_25_ara_afmaeli_1.jpg\" alt=\"her_arn_25_ara_afmaeli_1\" width=\"550\" height=\"363\" \/><\/p>\n<p><em>\u00d3lafur \u00c1sgeirsson \u00dej\u00f3\u00f0skjalav\u00f6r\u00f0ur gaf h\u00e9ra\u00f0sskjalasafninu mynd \u00far safni Teiknistofu sambandsins af fr\u00e1gangi \u00e1 l\u00f3\u00f0 umhverfis Kaupf\u00e9lagsh\u00fasi\u00f0 \u00fear sem safni\u00f0 er til h\u00fasa. H\u00e9r eru \u00d3lafur \u00c1sgeirsson, \u00deorsteinn Tryggvi M\u00e1sson h\u00e9ra\u00f0sskjalav\u00f6r\u00f0ur, Bj\u00f6rn P\u00e1lsson fyrrv. h\u00e9r\u00f0asskjalav\u00f6r\u00f0ur og Kjartan Bj\u00f6rnsson forma\u00f0ur stj\u00f3rnar H\u00e9ra\u00f0sskjalasafns \u00c1rnesinga.<br \/>\n<\/em><\/p>\n<p>Vatnaskil ur\u00f0u \u00ed rekstri skjalasafnsins \u00e1ri\u00f0 1990. Bj\u00f6rn P\u00e1lsson var \u00fe\u00e1 r\u00e1\u00f0inn \u00ed h\u00e1lfa st\u00f6\u00f0u sem h\u00e9ra\u00f0sskjalav\u00f6r\u00f0ur. \u00deann 8. september 1991, \u00e1 100 \u00e1ra afm\u00e6li \u00d6lfus\u00e1rbr\u00faar, flutti skjalasafni\u00f0 \u00ed gamla kaupf\u00e9lagsh\u00fasi\u00f0 sem n\u00fa h\u00fdsir b\u00e6\u00f0i B\u00f3kasafn \u00c1rborgar og R\u00e1\u00f0h\u00fas Sveitarf\u00e9lagsins \u00c1rborgar.<\/p>\n<p><img loading=\"lazy\" decoding=\"async\" src=\"http:\/\/wayback.vefsafn.is\/wayback\/20141025064608im_\/http:\/\/www.heradsskjalasafn.is\/images\/stories\/her_arn_25_ara_afmaeli_2.jpg\" alt=\"her_arn_25_ara_afmaeli_2\" width=\"510\" height=\"453\" \/><\/p>\n<p><em>J\u00f3hann \u00de\u00f3r Sigurbergsson f\u00e9kk afhenta sta\u00f0festingu \u00e1 \u00fev\u00ed a\u00f0 lj\u00f3smyndasafn J\u00f3hanns, alls um 36.000 myndir ver\u00f0i \u00ed v\u00f6rslu h\u00e9ra\u00f0sskjalasafnsins.<\/em><\/p>\n<p>Hlutverk H\u00e9ra\u00f0sskjalasafns \u00c1rnesinga er \u00ed meginatri\u00f0um tv\u00ed\u00fe\u00e6tt. Skjalasafninu ber a\u00f0 var\u00f0veita skj\u00f6l sveitarf\u00e9laga s\u00fdslunnar, b\u00e6\u00f0i hinna fornu hreppa og \u00feeirra \u00e1tta sveitarf\u00e9laga sem n\u00fa eru til sta\u00f0ar. En sveitarf\u00e9l\u00f6gum og undirstofnunum \u00feeirra ber skylda til a\u00f0 afhenda safninu skjalas\u00f6fn s\u00edn. Skjalasafni\u00f0 hefur eftirlitsskyldu gagnvart sveitarf\u00e9l\u00f6gunum og vinnur n\u00e1i\u00f0 me\u00f0 starfsf\u00f3lki sveitarf\u00e9lagana a\u00f0 \u00fev\u00ed a\u00f0 gera skjalav\u00f6rslu \u00feeirra \u00f6ruggari, skilvirkari og \u00f3d\u00fdrari. \u00deetta er stj\u00f3rns\u00fdslulegt hlutverk skjalasafnsis. \u00de\u00e1 ber skjalasafninu a\u00f0 var\u00f0veita og efla \u00feekkingu \u00e1 s\u00f6gu \u00c1rness\u00fdslu. Skjalas\u00f6fn f\u00e9laga, fyrirt\u00e6kja og ekki s\u00edst einstaklinga varpa lj\u00f3si \u00e1 \u00fdmsa \u00fe\u00e6tti \u00ed s\u00f6gu s\u00fdslunnar. Skjalasafninu tekur vi\u00f0 einkaskjalas\u00f6fnum, skr\u00e1ir og tryggir a\u00f0gengi almennings a\u00f0 skjalas\u00f6fnunum. \u00deetta er hi\u00f0 menningarlega hlutverk skjalasafnsins.<\/p>\n<p>\u00deTM<\/p>\n","protected":false},"excerpt":{"rendered":"<p>Afm\u00e6liss\u00fdning H\u00e9ra\u00f0sskjalasafns \u00c1rnesinga \u00ed tilefni af 25 \u00e1ra afm\u00e6li safnsins var opnu\u00f0 1. desember. \u00c1 s\u00fdningunni getur a\u00f0 l\u00edta lj\u00f3smyndir \u00ed v\u00f6rslu safnsins, flestar \u00far s\u00f6fnum T\u00f3masar J\u00f3nssonar, Sigur\u00f0ar J\u00f3nssonar og J\u00f3hanns \u00de\u00f3rs Sigurbergssonar, en r\u00famlega 100.000 myndir hafa veri\u00f0<\/p>\n","protected":false},"author":2,"featured_media":0,"comment_status":"closed","ping_status":"closed","sticky":false,"template":"","format":"standard","meta":{"footnotes":""},"categories":[5],"tags":[],"class_list":["post-263","post","type-post","status-publish","format-standard","hentry","category-frettir"],"_links":{"self":[{"href":"https:\/\/heradsskjalasafn.is\/index.php?rest_route=\/wp\/v2\/posts\/263","targetHints":{"allow":["GET"]}}],"collection":[{"href":"https:\/\/heradsskjalasafn.is\/index.php?rest_route=\/wp\/v2\/posts"}],"about":[{"href":"https:\/\/heradsskjalasafn.is\/index.php?rest_route=\/wp\/v2\/types\/post"}],"author":[{"embeddable":true,"href":"https:\/\/heradsskjalasafn.is\/index.php?rest_route=\/wp\/v2\/users\/2"}],"replies":[{"embeddable":true,"href":"https:\/\/heradsskjalasafn.is\/index.php?rest_route=%2Fwp%2Fv2%2Fcomments&post=263"}],"version-history":[{"count":1,"href":"https:\/\/heradsskjalasafn.is\/index.php?rest_route=\/wp\/v2\/posts\/263\/revisions"}],"predecessor-version":[{"id":264,"href":"https:\/\/heradsskjalasafn.is\/index.php?rest_route=\/wp\/v2\/posts\/263\/revisions\/264"}],"wp:attachment":[{"href":"https:\/\/heradsskjalasafn.is\/index.php?rest_route=%2Fwp%2Fv2%2Fmedia&parent=263"}],"wp:term":[{"taxonomy":"category","embeddable":true,"href":"https:\/\/heradsskjalasafn.is\/index.php?rest_route=%2Fwp%2Fv2%2Fcategories&post=263"},{"taxonomy":"post_tag","embeddable":true,"href":"https:\/\/heradsskjalasafn.is\/index.php?rest_route=%2Fwp%2Fv2%2Ftags&post=263"}],"curies":[{"name":"wp","href":"https:\/\/api.w.org\/{rel}","templated":true}]}}