{"id":261,"date":"2010-12-01T13:15:18","date_gmt":"2010-12-01T13:15:18","guid":{"rendered":"http:\/\/wp2.edge.is\/?p=261"},"modified":"2016-11-04T13:15:34","modified_gmt":"2016-11-04T13:15:34","slug":"skrar-yfir-skjol-heradsskjalasafnsins-a-akureyri-a-netinu","status":"publish","type":"post","link":"https:\/\/heradsskjalasafn.is\/?p=261","title":{"rendered":"Skr\u00e1r yfir skj\u00f6l H\u00e9ra\u00f0sskjalasafnsins \u00e1 Akureyri \u00e1 netinu"},"content":{"rendered":"<p>Heimas\u00ed\u00f0a H\u00e9ra\u00f0sskjalasafnsins \u00e1 Akureyri f\u00f3r \u00ed lofti\u00f0 \u00ed febr\u00faar \u00e1 \u00feessu \u00e1ri og er \u00f3h\u00e6tt\u00a0 a\u00f0 segja a\u00f0 henni hefur veri\u00f0 mj\u00f6g vel teki\u00f0.<\/p>\n<p><img loading=\"lazy\" decoding=\"async\" src=\"http:\/\/wayback.vefsafn.is\/wayback\/20141025064709im_\/http:\/\/www.heradsskjalasafn.is\/images\/stories\/her_akur_lara_vid_vinnu.jpg\" alt=\"her_akur_lara_vid_vinnu\" width=\"510\" height=\"383\" border=\"0\" \/><\/p>\n<p><em>L\u00e1ra \u00c1g\u00fasta \u00d3lafsd\u00f3ttir skjalav\u00f6r\u00f0ur vi\u00f0 vinnu s\u00edna.<\/em><\/p>\n<p>\u00dea\u00f0 sem vekur kannski mesta athygli vi\u00f0 \u00feessa heimas\u00ed\u00f0u er \u00fea\u00f0, a\u00f0 \u00e1 henni m\u00e1 finna skr\u00e1r yfir \u00f6ll \u00feau skj\u00f6l safnsins sem skr\u00e1\u00f0 hafa veri\u00f0 endanlegri skr\u00e1ningu og eru fr\u00e1gengin \u00ed geymslu.<\/p>\n<p>R\u00e6tt hefur veri\u00f0 \u00ed m\u00f6rg \u00e1r um \u00fea\u00f0 a\u00f0 gera skr\u00e1r allra h\u00e9ra\u00f0sskjalasafnanna a\u00f0gengilegar \u00e1 netinu og \u00fe\u00e1 helst \u00ed einni samskr\u00e1 en s\u00e1 draumur hefur ekki enn or\u00f0i\u00f0 a\u00f0 veruleika.\u00a0 Me\u00f0 \u00fev\u00ed a\u00f0 birta skr\u00e1rnar \u00e1 \u00feennan h\u00e1tt er stigi\u00f0 st\u00f3rt skref \u00ed \u00e1ttina a\u00f0 \u00feessum draumi og vonandi sj\u00e1 fleiri s\u00f6fn s\u00e9r f\u00e6rt a\u00f0 koma s\u00ednum skr\u00e1m \u00e1 framf\u00e6ri \u00e1 \u00feennan e\u00f0a einhvern annan h\u00e1tt.<\/p>\n<p>Safngestir hafa n\u00fa \u00ed auknum m\u00e6li veri\u00f0 b\u00fanir a\u00f0 sko\u00f0a skr\u00e1rnar \u00e1\u00f0ur en \u00feeir koma \u00e1 safni\u00f0 og eru jafnvel me\u00f0 skjalan\u00famerin tilt\u00e6k, \u00feannig a\u00f0 flj\u00f3tlegt er a\u00f0 koma til m\u00f3ts vi\u00f0 \u00feeirra \u00fearfir.<\/p>\n<p>Skr\u00e1rnar hafa \u00feeir \u00fdmist fundi\u00f0 me\u00f0 \u00fev\u00ed a\u00f0 fara beint inn \u00e1 <a href=\"http:\/\/wayback.vefsafn.is\/wayback\/20141025064709\/http:\/\/www.herak.is\/\" target=\"_blank\">www.herak.is<\/a> e\u00f0a hreinlega me\u00f0 \u00fev\u00ed a\u00f0 \u201eg\u00faggla\u201c eitthvert efni, sem hefur leitt a\u00f0 vi\u00f0komandi skr\u00e1, \u00e1n \u00feess a\u00f0 hafa haft skjalasafn \u00ed huga \u00feegar leitin h\u00f3fst.<\/p>\n<p>\u00de\u00e1 er h\u00e9ra\u00f0sskjalasafni\u00f0 komi\u00f0 me\u00f0 Facebook s\u00ed\u00f0u og vi\u00f0 hvetjum \u00e1hugasama a\u00f0 vingast vi\u00f0 s\u00ed\u00f0una.<\/p>\n<p>AS<\/p>\n","protected":false},"excerpt":{"rendered":"<p>Heimas\u00ed\u00f0a H\u00e9ra\u00f0sskjalasafnsins \u00e1 Akureyri f\u00f3r \u00ed lofti\u00f0 \u00ed febr\u00faar \u00e1 \u00feessu \u00e1ri og er \u00f3h\u00e6tt\u00a0 a\u00f0 segja a\u00f0 henni hefur veri\u00f0 mj\u00f6g vel teki\u00f0. L\u00e1ra \u00c1g\u00fasta \u00d3lafsd\u00f3ttir skjalav\u00f6r\u00f0ur vi\u00f0 vinnu s\u00edna. \u00dea\u00f0 sem vekur kannski mesta athygli vi\u00f0 \u00feessa heimas\u00ed\u00f0u<\/p>\n","protected":false},"author":2,"featured_media":0,"comment_status":"closed","ping_status":"closed","sticky":false,"template":"","format":"standard","meta":{"footnotes":""},"categories":[5],"tags":[],"class_list":["post-261","post","type-post","status-publish","format-standard","hentry","category-frettir"],"_links":{"self":[{"href":"https:\/\/heradsskjalasafn.is\/index.php?rest_route=\/wp\/v2\/posts\/261","targetHints":{"allow":["GET"]}}],"collection":[{"href":"https:\/\/heradsskjalasafn.is\/index.php?rest_route=\/wp\/v2\/posts"}],"about":[{"href":"https:\/\/heradsskjalasafn.is\/index.php?rest_route=\/wp\/v2\/types\/post"}],"author":[{"embeddable":true,"href":"https:\/\/heradsskjalasafn.is\/index.php?rest_route=\/wp\/v2\/users\/2"}],"replies":[{"embeddable":true,"href":"https:\/\/heradsskjalasafn.is\/index.php?rest_route=%2Fwp%2Fv2%2Fcomments&post=261"}],"version-history":[{"count":1,"href":"https:\/\/heradsskjalasafn.is\/index.php?rest_route=\/wp\/v2\/posts\/261\/revisions"}],"predecessor-version":[{"id":262,"href":"https:\/\/heradsskjalasafn.is\/index.php?rest_route=\/wp\/v2\/posts\/261\/revisions\/262"}],"wp:attachment":[{"href":"https:\/\/heradsskjalasafn.is\/index.php?rest_route=%2Fwp%2Fv2%2Fmedia&parent=261"}],"wp:term":[{"taxonomy":"category","embeddable":true,"href":"https:\/\/heradsskjalasafn.is\/index.php?rest_route=%2Fwp%2Fv2%2Fcategories&post=261"},{"taxonomy":"post_tag","embeddable":true,"href":"https:\/\/heradsskjalasafn.is\/index.php?rest_route=%2Fwp%2Fv2%2Ftags&post=261"}],"curies":[{"name":"wp","href":"https:\/\/api.w.org\/{rel}","templated":true}]}}