{"id":259,"date":"2010-12-01T13:14:40","date_gmt":"2010-12-01T13:14:40","guid":{"rendered":"http:\/\/wp2.edge.is\/?p=259"},"modified":"2016-11-04T13:15:03","modified_gmt":"2016-11-04T13:15:03","slug":"staersta-afhending-arsins-i-arnesthingi","status":"publish","type":"post","link":"https:\/\/heradsskjalasafn.is\/?p=259","title":{"rendered":"St\u00e6rsta afhending \u00e1rsins \u00ed \u00c1rnes\u00feingi"},"content":{"rendered":"<p>Skipulags- og byggingafulltr\u00fai Sveitarf\u00e9lagsins \u00c1rborgar afhenti \u00e1 d\u00f6gunum skipulagsuppdr\u00e1tt Selfosskaupt\u00fans sem sta\u00f0festur var af Atvinnu- og samg\u00f6ngum\u00e1lar\u00e1\u00f0uneyti 2. \u00e1g\u00fast 1939 og undirrita\u00f0ur af \u00d3lafi Thors. Uppdr\u00e1tturinn er 238 x 125,5 sm. og \u00fev\u00ed st\u00e6rsta afhending \u00e1 H\u00e9ra\u00f0sskjalasafn \u00c1rnesinga \u00e1 \u00feessu \u00e1ri.<\/p>\n<p><img loading=\"lazy\" decoding=\"async\" src=\"http:\/\/wayback.vefsafn.is\/wayback\/20141025064725im_\/http:\/\/www.heradsskjalasafn.is\/images\/stories\/her_arn_skipulagsuppdrattur.jpg\" alt=\"her_arn_skipulagsuppdrattur\" width=\"510\" height=\"372\" \/><\/p>\n<p><em>S\u00e6var Logi \u00d3lafsson skjalav\u00f6r\u00f0ur, B\u00e1r\u00f0ur Gu\u00f0mundsson Skipulags- og byggingafulltr\u00fai og \u00deorsteinn Tryggvi M\u00e1sson h\u00e9ra\u00f0sskjalav\u00f6r\u00f0ur me\u00f0 skipulagsuppdr\u00e1tt Selfosskaupt\u00fans \u00e1 milli s\u00edn.<\/em><\/p>\n<p>Uppdr\u00e1tturinn er vel var\u00f0veittur. \u00deetta eru \u00ferj\u00e1r st\u00f3rar arkir l\u00edmdar \u00e1 l\u00e9reft og uppdr\u00e1tturinn var\u00f0veittur uppr\u00falla\u00f0ur. Forv\u00f6r\u00f0ur mun n\u00fa sko\u00f0a uppdr\u00e1ttinn, lagf\u00e6ra minnih\u00e1ttar skemmdir og \u00fe\u00e1 ver\u00f0ur sko\u00f0a\u00f0 me\u00f0 hva\u00f0a h\u00e6tti best s\u00e9 a\u00f0 var\u00f0veita hann til framt\u00ed\u00f0ar.<\/p>\n<p>\u00deTM<\/p>\n","protected":false},"excerpt":{"rendered":"<p>Skipulags- og byggingafulltr\u00fai Sveitarf\u00e9lagsins \u00c1rborgar afhenti \u00e1 d\u00f6gunum skipulagsuppdr\u00e1tt Selfosskaupt\u00fans sem sta\u00f0festur var af Atvinnu- og samg\u00f6ngum\u00e1lar\u00e1\u00f0uneyti 2. \u00e1g\u00fast 1939 og undirrita\u00f0ur af \u00d3lafi Thors. Uppdr\u00e1tturinn er 238 x 125,5 sm. og \u00fev\u00ed st\u00e6rsta afhending \u00e1 H\u00e9ra\u00f0sskjalasafn \u00c1rnesinga \u00e1 \u00feessu<\/p>\n","protected":false},"author":2,"featured_media":0,"comment_status":"closed","ping_status":"closed","sticky":false,"template":"","format":"standard","meta":{"footnotes":""},"categories":[5],"tags":[],"class_list":["post-259","post","type-post","status-publish","format-standard","hentry","category-frettir"],"_links":{"self":[{"href":"https:\/\/heradsskjalasafn.is\/index.php?rest_route=\/wp\/v2\/posts\/259","targetHints":{"allow":["GET"]}}],"collection":[{"href":"https:\/\/heradsskjalasafn.is\/index.php?rest_route=\/wp\/v2\/posts"}],"about":[{"href":"https:\/\/heradsskjalasafn.is\/index.php?rest_route=\/wp\/v2\/types\/post"}],"author":[{"embeddable":true,"href":"https:\/\/heradsskjalasafn.is\/index.php?rest_route=\/wp\/v2\/users\/2"}],"replies":[{"embeddable":true,"href":"https:\/\/heradsskjalasafn.is\/index.php?rest_route=%2Fwp%2Fv2%2Fcomments&post=259"}],"version-history":[{"count":1,"href":"https:\/\/heradsskjalasafn.is\/index.php?rest_route=\/wp\/v2\/posts\/259\/revisions"}],"predecessor-version":[{"id":260,"href":"https:\/\/heradsskjalasafn.is\/index.php?rest_route=\/wp\/v2\/posts\/259\/revisions\/260"}],"wp:attachment":[{"href":"https:\/\/heradsskjalasafn.is\/index.php?rest_route=%2Fwp%2Fv2%2Fmedia&parent=259"}],"wp:term":[{"taxonomy":"category","embeddable":true,"href":"https:\/\/heradsskjalasafn.is\/index.php?rest_route=%2Fwp%2Fv2%2Fcategories&post=259"},{"taxonomy":"post_tag","embeddable":true,"href":"https:\/\/heradsskjalasafn.is\/index.php?rest_route=%2Fwp%2Fv2%2Ftags&post=259"}],"curies":[{"name":"wp","href":"https:\/\/api.w.org\/{rel}","templated":true}]}}