{"id":257,"date":"2010-11-20T13:09:45","date_gmt":"2010-11-20T13:09:45","guid":{"rendered":"http:\/\/wp2.edge.is\/?p=257"},"modified":"2016-11-04T13:10:02","modified_gmt":"2016-11-04T13:10:02","slug":"kaupmannasamtok-islands-afhenda-skjalasafn-sitt-a-borgarskjalasafn-reykjavikur","status":"publish","type":"post","link":"https:\/\/heradsskjalasafn.is\/?p=257","title":{"rendered":"Kaupmannasamt\u00f6k \u00cdslands afhenda skjalasafn sitt \u00e1 Borgarskjalasafn Reykjav\u00edkur"},"content":{"rendered":"<p>18. n\u00f3vember var undirrita\u00f0ur samningur um var\u00f0veislu \u00e1 heildarskjalasafni Kaupmannasamtaka \u00cdslands og forvera \u00feeirra, \u00e1 Borgarskjalasafni Reykjav\u00edkur. Vi\u00f0 sama t\u00e6kif\u00e6ri f\u00e6r\u00f0u Kaupmannasamt\u00f6kin safninu r\u00edflegan styrk til skr\u00e1ningar safnins og kynningar \u00e1 s\u00f6gu samtakanna.<\/p>\n<p><img loading=\"lazy\" decoding=\"async\" src=\"http:\/\/wayback.vefsafn.is\/wayback\/20141025064746im_\/http:\/\/www.heradsskjalasafn.is\/images\/stories\/borgarskj_og_kaupmannasmt_2.jpg\" alt=\"borgarskj_og_kaupmannasmt_2\" width=\"510\" height=\"285\" \/><\/p>\n<p><em>\u00dea\u00f0 voru \u00feau Benedikt Kristj\u00e1nsson, forma\u00f0ur Kaupmannasamtakana og Svanhildur Bogad\u00f3ttir, borgarskjalav\u00f6r\u00f0ur sem skrifu\u00f0u undir samninginn. Vi\u00f0staddir voru stj\u00f3rnarmenn \u00ed samt\u00f6kunum og eldri f\u00e9lagsmenn, auk starfsmanna safnsins. \u00cd tilefni af \u00feessum vi\u00f0bur\u00f0i og 60 \u00e1ra afm\u00e6li Kaupmannasamtakanna var Borgarskjalasafni f\u00e6r\u00f0ur styrkur a\u00f0 upph\u00e6\u00f0 ein og h\u00e1lf millj\u00f3n sem n\u00fdta skal til a\u00f0 skr\u00e1 og ganga fr\u00e1 skjalasafninu, skr\u00e1 minningar elstu f\u00e9lagsmanna og gera safni\u00f0 a\u00f0gengilegt fr\u00e6\u00f0im\u00f6nnum og almenningi. A\u00f0 s\u00f6gn borgarskjalavar\u00f0ar stendur einnig til a\u00f0 gera elstu fundager\u00f0arb\u00e6kur a\u00f0gengilegar stafr\u00e6nt \u00e1 vef safnsins.<\/em><\/p>\n<p>\u00deann 8. n\u00f3vember sl. voru 60 \u00e1r li\u00f0in fr\u00e1 \u00fev\u00ed Kaupmannasamt\u00f6k \u00cdslands voru stofnu\u00f0. Fj\u00f6gur s\u00e9rgreinaf\u00e9l\u00f6g sm\u00e1kaupmanna t\u00f3ku \u00fe\u00e1 h\u00f6ndum saman um stofnun Sambands sm\u00e1s\u00f6luverslana: Kaupmannaf\u00e9lag Hafnarfjar\u00f0ar, stofna\u00f0 1921; F\u00e9lag matv\u00f6rukaupmanna, stofna\u00f0 1928; F\u00e9lag vefna\u00f0arv\u00f6rukaupmanna, stofna\u00f0 1932 og F\u00e9lag b\u00fas\u00e1halda- og j\u00e1rnv\u00f6rukaupmanna, stofna\u00f0 1939. Nafni sambandsins var s\u00ed\u00f0an breytt \u00ed Kaupmannasamt\u00f6k \u00cdslands.<\/p>\n<p><img loading=\"lazy\" decoding=\"async\" src=\"http:\/\/wayback.vefsafn.is\/wayback\/20141025064746im_\/http:\/\/www.heradsskjalasafn.is\/images\/stories\/thorvaldur_gudmundsson_i_sild_og_fiski.jpg\" alt=\"thorvaldur_gudmundsson_i_sild_og_fiski\" width=\"490\" height=\"495\" \/><\/p>\n<p><em>\u00deorvaldur Gu\u00f0mundsson \u00ed S\u00edld og Fiski vi\u00f0 st\u00f6rf.<\/em><\/p>\n<p>Um mi\u00f0ja s\u00ed\u00f0ustu \u00f6ld \u00feegar Samband sm\u00e1s\u00f6luverslana var a\u00f0 st\u00edga s\u00edn fyrstu spor var v\u00f6ruinnflutningur \u00ed l\u00e1gmarki og v\u00ed\u00f0t\u00e6kar skammtanir \u00e1 \u00fdmsum v\u00f6ruflokkum. \u00c1 me\u00f0al hagsmunam\u00e1la sambandsins \u00e1 upphafs\u00e1rum \u00feess var bar\u00e1ttan fyrir afn\u00e1mi \u00fdmis konar verslunarhafta.<\/p>\n<p>Skjalasafni\u00f0 sem Borgarskjalasafn f\u00e9kk til afhendingar og eignar me\u00f0 samningnum \u00ed dag er heillegt og n\u00e6r allt fr\u00e1 \u00e1rinu 1928 til \u00e1rsins 2000. \u00cd \u00fev\u00ed eru me\u00f0al annars fundager\u00f0ir stj\u00f3rnar Kaupmannasamtakanna og forvera \u00feeirra allt fr\u00e1 \u00e1rinu 1928, br\u00e9fa og m\u00e1lasafn, skj\u00f6l allra 14 s\u00e9rgreinaf\u00e9laga Kaupmannasamtakanna, prenta\u00f0 efni tengt verslun og neytendam\u00e1lum, lj\u00f3smyndir fr\u00e1 \u00fdmsum t\u00edmum, \u00farklippub\u00e6kur tengdar starfsemi f\u00e9lagsins og uppt\u00f6kur af a\u00f0alfundum og fleira.<\/p>\n<p>Eftir undirritun samningsins flutti Benedikt Kristj\u00e1nsson, forma\u00f0ur Kaupmannasamtakanna \u00e1varp \u00fear sem hann l\u00fdsti vilja f\u00e9lagsmanna a\u00f0 var\u00f0veita s\u00f6gu \u00feeirra me\u00f0 \u00fev\u00ed a\u00f0 koma skjalasafninu til var\u00f0veislu \u00e1 Borgarskjalasafn og veita styrk til a\u00f0 skr\u00e1 \u00fea\u00f0 og gera a\u00f0gengilegt.<\/p>\n<div><\/div>\n<p><img loading=\"lazy\" decoding=\"async\" src=\"http:\/\/wayback.vefsafn.is\/wayback\/20141025064746im_\/http:\/\/www.heradsskjalasafn.is\/images\/stories\/gudlaugur_palsson_eyrarbakka.jpg\" alt=\"gudlaugur_palsson_eyrarbakka\" width=\"510\" height=\"746\" \/><\/p>\n<p><em>Gu\u00f0laugur P\u00e1lsson \u00ed verslun sinni \u00e1 Eyrarbakka.<\/em><\/p>\n<p>Svanhildur Bogad\u00f3ttir, borgarskjalav\u00f6r\u00f0ur r\u00e6ddi \u00ed \u00e1varpi s\u00ednu um mikilv\u00e6gi \u00feess a\u00f0 var\u00f0veita s\u00f6gu verslunar \u00ed Reykjav\u00edk og \u00e1 landinu \u00f6llu. H\u00fan minntist \u00e1 a\u00f0 \u00ed tilefni af \u00feessum t\u00edmam\u00f3tum og \u00feessari h\u00f6f\u00f0inglegu gj\u00f6f v\u00e6ri \u00e1st\u00e6\u00f0a til \u00feess a\u00f0 hvetja \u00fe\u00e1 sem hef\u00f0u undir h\u00f6ndum skjalas\u00f6fn eldri verslana a\u00f0 koma \u00feeim \u00e1 opinbert skjalasafn til var\u00f0veislu. Borgarskjalasafn hef\u00f0i \u00e1huga \u00e1 a\u00f0 f\u00e1 fr\u00e1 verslunum v\u00f6rulista og skr\u00e1r sem s\u00fdndu v\u00f6ru\u00farval \u00feeirra, br\u00e9fas\u00f6fn, lj\u00f3smyndir, augl\u00fdsingar og svo framvegis. Svanhildur minntist a\u00f0 lokum \u00e1 \u00fea\u00f0 a\u00f0 saga verslana \u00ed Reykjav\u00edk v\u00e6ri samofin s\u00f6gu borgarinnar og \u00fea\u00f0 v\u00e6ri \u00f3metanlegt a\u00f0 svo r\u00edkulegt safn um s\u00f6gu verslunar v\u00e6ri komi\u00f0 til var\u00f0veislu.<\/p>\n","protected":false},"excerpt":{"rendered":"<p>18. n\u00f3vember var undirrita\u00f0ur samningur um var\u00f0veislu \u00e1 heildarskjalasafni Kaupmannasamtaka \u00cdslands og forvera \u00feeirra, \u00e1 Borgarskjalasafni Reykjav\u00edkur. Vi\u00f0 sama t\u00e6kif\u00e6ri f\u00e6r\u00f0u Kaupmannasamt\u00f6kin safninu r\u00edflegan styrk til skr\u00e1ningar safnins og kynningar \u00e1 s\u00f6gu samtakanna. \u00dea\u00f0 voru \u00feau Benedikt Kristj\u00e1nsson, forma\u00f0ur Kaupmannasamtakana<\/p>\n","protected":false},"author":2,"featured_media":0,"comment_status":"closed","ping_status":"closed","sticky":false,"template":"","format":"standard","meta":{"footnotes":""},"categories":[5],"tags":[],"class_list":["post-257","post","type-post","status-publish","format-standard","hentry","category-frettir"],"_links":{"self":[{"href":"https:\/\/heradsskjalasafn.is\/index.php?rest_route=\/wp\/v2\/posts\/257","targetHints":{"allow":["GET"]}}],"collection":[{"href":"https:\/\/heradsskjalasafn.is\/index.php?rest_route=\/wp\/v2\/posts"}],"about":[{"href":"https:\/\/heradsskjalasafn.is\/index.php?rest_route=\/wp\/v2\/types\/post"}],"author":[{"embeddable":true,"href":"https:\/\/heradsskjalasafn.is\/index.php?rest_route=\/wp\/v2\/users\/2"}],"replies":[{"embeddable":true,"href":"https:\/\/heradsskjalasafn.is\/index.php?rest_route=%2Fwp%2Fv2%2Fcomments&post=257"}],"version-history":[{"count":1,"href":"https:\/\/heradsskjalasafn.is\/index.php?rest_route=\/wp\/v2\/posts\/257\/revisions"}],"predecessor-version":[{"id":258,"href":"https:\/\/heradsskjalasafn.is\/index.php?rest_route=\/wp\/v2\/posts\/257\/revisions\/258"}],"wp:attachment":[{"href":"https:\/\/heradsskjalasafn.is\/index.php?rest_route=%2Fwp%2Fv2%2Fmedia&parent=257"}],"wp:term":[{"taxonomy":"category","embeddable":true,"href":"https:\/\/heradsskjalasafn.is\/index.php?rest_route=%2Fwp%2Fv2%2Fcategories&post=257"},{"taxonomy":"post_tag","embeddable":true,"href":"https:\/\/heradsskjalasafn.is\/index.php?rest_route=%2Fwp%2Fv2%2Ftags&post=257"}],"curies":[{"name":"wp","href":"https:\/\/api.w.org\/{rel}","templated":true}]}}