{"id":255,"date":"2010-11-15T13:09:08","date_gmt":"2010-11-15T13:09:08","guid":{"rendered":"http:\/\/wp2.edge.is\/?p=255"},"modified":"2016-11-04T13:09:28","modified_gmt":"2016-11-04T13:09:28","slug":"heradsskjalasafn-arnesinga-25-ara","status":"publish","type":"post","link":"https:\/\/heradsskjalasafn.is\/?p=255","title":{"rendered":"H\u00e9ra\u00f0sskjalasafn \u00c1rnesinga 25 \u00e1ra"},"content":{"rendered":"<p>\u00cd dag er eru 25 \u00e1r fr\u00e1 \u00fev\u00ed a\u00f0 \u00d3lafur \u00c1sgeirsson, \u00fej\u00f3\u00f0skjalav\u00f6r\u00f0ur, undirrita\u00f0i stofnsam\u00feykkt H\u00e9ra\u00f0sskjalasafns \u00c1rnesinga og telst 15. n\u00f3vember 1985 \u00fev\u00ed formlegur stofndagur h\u00e9ra\u00f0sskjalasafnsins.<\/p>\n<p>Undirb\u00faning a\u00f0 stofnun H\u00e9ra\u00f0sskjalasafns \u00c1rnesinga m\u00e1 \u00fe\u00f3 rekja aftur til vorsins 1982 \u00feegar f\u00e9lag \u00e1hugamanna um h\u00e9ra\u00f0ss\u00f6gu \u00c1rness\u00fdslu var stofna\u00f0 en meginmarkmi\u00f0 f\u00e9lagsins var a\u00f0 koma \u00e1 f\u00f3t h\u00e9ra\u00f0sskjalasafni. \u00c1 fundi \u00fe\u00e1 um hausti\u00f0 var \u00e1kve\u00f0i\u00f0 a\u00f0 leigja h\u00fasn\u00e6\u00f0i a\u00f0 Kirkjuvegi 16 til starfseminnar. Skj\u00f6l voru \u00feegar farin a\u00f0 berast skjalasafninu, m.a. skjalasafn Bj\u00f6rns Sigurbjarnarsonar, Bj\u00f6rns \u00ed bankanum. \u00de\u00e1 haf\u00f0i B\u00e6jar- og h\u00e9ra\u00f0sb\u00f3kasafni\u00f0 \u00e1 Selfossi einnig teki\u00f0 vi\u00f0 fj\u00f6lda afhendinga.<\/p>\n<p>\u00c1 a\u00f0alfundi s\u00fdslunefndar 6. og 7. j\u00fan\u00ed 1985 var stofnskr\u00e1 H\u00e9ra\u00f0sskjalasafns \u00c1rnesinga sam\u00feykkt og 15. n\u00f3vember undirrita\u00f0i \u00fej\u00f3\u00f0skjalav\u00f6r\u00f0ur stofnsam\u00feykktina eins og \u00e1\u00f0ur sag\u00f0i.<\/p>\n<p><img loading=\"lazy\" decoding=\"async\" src=\"http:\/\/wayback.vefsafn.is\/wayback\/20141025064902im_\/http:\/\/www.heradsskjalasafn.is\/images\/stories\/herarn_stjorn_2010.jpg\" alt=\"herarn_stjorn_2010\" width=\"510\" height=\"340\" \/><\/p>\n<p><em>Stj\u00f3rn H\u00e9ra\u00f0sskjalasafns \u00c1rnesinga og starfsmenn \u00e1 stj\u00f3rnarfundi sem haldinn var 15. n\u00f3vember 2010 \u00ed tilefni af 25 \u00e1ra afm\u00e6li skjalasafnsins. Fr\u00e1 vinstri \u00deorsteinn Tryggvi M\u00e1sson h\u00e9ra\u00f0sskjalav\u00f6r\u00f0ur, Sveinn Steinarsson varaforma\u00f0ur, Kjartan Bj\u00f6rnsson forma\u00f0ur stj\u00f3rnar, Tryggvi Steinarsson ritari og S\u00e6var Logi \u00d3lafsson skjalav\u00f6r\u00f0ur.<\/em><\/p>\n<p>Sumari\u00f0 1985 var Finnur Magn\u00fasson r\u00e1\u00f0inn til a\u00f0 fara um s\u00fdsluna til a\u00f0 safna skj\u00f6lum, afla uppl\u00fdsinga og kynna skjalasafni\u00f0. \u00c1ri\u00f0 1986 var Inga L\u00e1ra Baldvinsd\u00f3ttir r\u00e1\u00f0in til a\u00f0 safna skj\u00f6lum en Kristinn J\u00fal\u00edusson s\u00e1 um m\u00f3tt\u00f6ku skjala. P\u00e9tur M. Sigur\u00f0sson s\u00e1 um reikningshald. Ekki var fastur starfsma\u00f0ur vi\u00f0 safni\u00f0 \u00e1 \u00feessum t\u00edma.<\/p>\n<p>\u00cd lok \u00e1rs 1987 var \u00f3ska\u00f0 eftir \u00fev\u00ed a\u00f0 starfsemi safnsins yr\u00f0i flutt \u00ed s\u00fdningarsal safnah\u00fassins vi\u00f0 Tryggvag\u00f6tu 23 og \u00e1 vorm\u00e1nu\u00f0um 1988 var skjalasafni\u00f0 flutt. Erlingur Brynj\u00f3lfsson gekk \u00fe\u00e1 til li\u00f0s vi\u00f0 skjalasafni\u00f0 en \u00feeir P\u00e9tur og Kristinn h\u00e6ttu.<\/p>\n<p>Vatnaskil ur\u00f0u \u00ed rekstri skjalasafnsins \u00e1ri\u00f0 1990 \u00feegar \u00e1kve\u00f0i\u00f0 var a\u00f0 r\u00e1\u00f0a starfsmann \u00ed h\u00e1lfa st\u00f6\u00f0u vi\u00f0 skjalasafni\u00f0. Bj\u00f6rn P\u00e1lsson sem var flestum hn\u00fatum kunnugur var r\u00e1\u00f0inn en Bj\u00f6rn t\u00f3k \u00e1 s\u00ednum t\u00edma \u00fe\u00e1tt \u00ed stofnun \u00e1hugamannaf\u00e9lagsins og var fyrsti forma\u00f0ur stj\u00f3rnar skjalasafnsins eftir a\u00f0 \u00fea\u00f0 f\u00e9kk starfsleyfi \u00fej\u00f3\u00f0skjalavar\u00f0ar. \u00deann 8. september 1991, \u00e1 100 \u00e1ra afm\u00e6li \u00d6lfus\u00e1rbr\u00faar, var skjalasafni\u00f0 flutt \u00ed framt\u00ed\u00f0arh\u00fasn\u00e6\u00f0i \u00ed austurenda gamla kaupf\u00e9lagsh\u00fassins sem n\u00fa h\u00fdsir b\u00e6\u00f0i B\u00f3kasafn \u00c1rborgar og R\u00e1\u00f0h\u00fas Sveitarf\u00e9lagsins \u00c1rborgar. Bj\u00f6rn l\u00e9t af st\u00f6rfum \u00ed \u00e1g\u00fastlok 2009 og \u00deorsteinn Tryggvi M\u00e1sson var \u00fe\u00e1 r\u00e1\u00f0inn h\u00e9ra\u00f0sskjalav\u00f6r\u00f0ur.<\/p>\n<p>\u00c1 h\u00e9ra\u00f0sskjalasafninu eru n\u00fa um 1.000 hillumetrar af skj\u00f6lum fr\u00e1 sveitarf\u00e9l\u00f6gum \u00ed s\u00fdslunni og undirstofnunum \u00feeirra auk skjala fr\u00e1 fj\u00f6lda f\u00e9laga, fyrirt\u00e6kja og einstaklinga. Yfir 100.000 lj\u00f3smyndir hafa borist skjalasafninu. N\u00fa er unni\u00f0 a\u00f0 \u00fev\u00ed a\u00f0 gera \u00fe\u00e6r a\u00f0gengilegar almenningi. Afhendingarnar \u00e1 \u00feessum 25 \u00e1rum eru or\u00f0nar um 1.300 talsins.<\/p>\n<p>\u00c1 haustfundi s\u00ednum sam\u00feykkti H\u00e9ra\u00f0snefnd \u00c1rnesinga a\u00f0 kosta tv\u00e6r st\u00f6\u00f0ur vi\u00f0 skjalasafni\u00f0. \u00c1ri\u00f0 2011 munu starfsmenn skjalasafnsins vinna n\u00e1i\u00f0 me\u00f0 starfsm\u00f6nnum allra sveitarstj\u00f3rnarskrifstofa \u00ed \u00c1rness\u00fdslu vi\u00f0 ger\u00f0 br\u00e9fa- og m\u00e1lalykla. Fl\u00f3ahreppur er eina sveitarf\u00e9lagi\u00f0 \u00e1 landinu me\u00f0 br\u00e9fa- og m\u00e1lalykil sem hefur veri\u00f0 sam\u00feykktur af opinberri skjalav\u00f6rslustofnum. Markmi\u00f0 h\u00e9ra\u00f0sskjalasafnsins er a\u00f0 \u00f6ll sveitarf\u00e9l\u00f6gin \u00ed s\u00fdslunni ver\u00f0i me\u00f0 sam\u00feykkta lykla \u00e1ri\u00f0 2011.<\/p>\n<p>\u00deTM<\/p>\n","protected":false},"excerpt":{"rendered":"<p>\u00cd dag er eru 25 \u00e1r fr\u00e1 \u00fev\u00ed a\u00f0 \u00d3lafur \u00c1sgeirsson, \u00fej\u00f3\u00f0skjalav\u00f6r\u00f0ur, undirrita\u00f0i stofnsam\u00feykkt H\u00e9ra\u00f0sskjalasafns \u00c1rnesinga og telst 15. n\u00f3vember 1985 \u00fev\u00ed formlegur stofndagur h\u00e9ra\u00f0sskjalasafnsins. Undirb\u00faning a\u00f0 stofnun H\u00e9ra\u00f0sskjalasafns \u00c1rnesinga m\u00e1 \u00fe\u00f3 rekja aftur til vorsins 1982 \u00feegar f\u00e9lag \u00e1hugamanna<\/p>\n","protected":false},"author":2,"featured_media":0,"comment_status":"closed","ping_status":"closed","sticky":false,"template":"","format":"standard","meta":{"footnotes":""},"categories":[5],"tags":[],"class_list":["post-255","post","type-post","status-publish","format-standard","hentry","category-frettir"],"_links":{"self":[{"href":"https:\/\/heradsskjalasafn.is\/index.php?rest_route=\/wp\/v2\/posts\/255","targetHints":{"allow":["GET"]}}],"collection":[{"href":"https:\/\/heradsskjalasafn.is\/index.php?rest_route=\/wp\/v2\/posts"}],"about":[{"href":"https:\/\/heradsskjalasafn.is\/index.php?rest_route=\/wp\/v2\/types\/post"}],"author":[{"embeddable":true,"href":"https:\/\/heradsskjalasafn.is\/index.php?rest_route=\/wp\/v2\/users\/2"}],"replies":[{"embeddable":true,"href":"https:\/\/heradsskjalasafn.is\/index.php?rest_route=%2Fwp%2Fv2%2Fcomments&post=255"}],"version-history":[{"count":1,"href":"https:\/\/heradsskjalasafn.is\/index.php?rest_route=\/wp\/v2\/posts\/255\/revisions"}],"predecessor-version":[{"id":256,"href":"https:\/\/heradsskjalasafn.is\/index.php?rest_route=\/wp\/v2\/posts\/255\/revisions\/256"}],"wp:attachment":[{"href":"https:\/\/heradsskjalasafn.is\/index.php?rest_route=%2Fwp%2Fv2%2Fmedia&parent=255"}],"wp:term":[{"taxonomy":"category","embeddable":true,"href":"https:\/\/heradsskjalasafn.is\/index.php?rest_route=%2Fwp%2Fv2%2Fcategories&post=255"},{"taxonomy":"post_tag","embeddable":true,"href":"https:\/\/heradsskjalasafn.is\/index.php?rest_route=%2Fwp%2Fv2%2Ftags&post=255"}],"curies":[{"name":"wp","href":"https:\/\/api.w.org\/{rel}","templated":true}]}}