{"id":253,"date":"2010-11-15T13:03:57","date_gmt":"2010-11-15T13:03:57","guid":{"rendered":"http:\/\/wp2.edge.is\/?p=253"},"modified":"2016-11-04T13:04:24","modified_gmt":"2016-11-04T13:04:24","slug":"husfyllir-a-opnu-husi-heradsskjalasafnanna","status":"publish","type":"post","link":"https:\/\/heradsskjalasafn.is\/?p=253","title":{"rendered":"H\u00fasfyllir \u00e1 opnu h\u00fasi h\u00e9ra\u00f0sskjalasafnanna"},"content":{"rendered":"<p><img loading=\"lazy\" decoding=\"async\" src=\"http:\/\/wayback.vefsafn.is\/wayback\/20141025064922im_\/http:\/\/www.heradsskjalasafn.is\/images\/stories\/norraeni_skjalad_2010_1.jpg\" alt=\"norraeni_skjalad_2010_1\" width=\"515\" height=\"385\" border=\"0\" \/><\/p>\n<p><em>K\u00e1ri l\u00e9t sitt ekki eftir liggja \u00e1 Norr\u00e6na skjaladeginum 2010 og sk\u00f3p samhlj\u00f3m milli ve\u00f0urs og yfirskriftar dagsins, Eins og vindurinn bl\u00e6s\u2026\u00a0 \u00e1 opnu h\u00fasi 15 h\u00e9r\u00f0asskjalasafna.<\/em><\/p>\n<p>\u00dea\u00f0 var h\u00fasfyllir \u00e1 Norr\u00e6na skjaladeginum 2010 \u00ed Gr\u00f3farh\u00fasi laugardaginn 13. n\u00f3vember \u00fear sem 575 gestir heims\u00f3ttu Gr\u00f3farh\u00fas og opi\u00f0 h\u00fas 15 h\u00e9ra\u00f0sskjalasafna. Yfirskrift dagsins var <em>Eins og vindurinn bl\u00e6s<\/em>\u2026 en samnorr\u00e6nt \u00feema dagsins \u00ed \u00e1r var <em>Ve\u00f0ur og loftslag<\/em>. Svanhildur Bogad\u00f3ttir, borgarskjalav\u00f6r\u00f0ur, bau\u00f0 gesti velkomna og kynnti dagskr\u00e1na sem var fj\u00f6lbreytt. S\u00f6ngf\u00e9lag Skaftfellinga s\u00f6ng vi\u00f0 g\u00f3\u00f0ar undirtektir og kvikmynd um horfna b\u00faskaparh\u00e6tti \u00ed Skaftafellss\u00fdslum var s\u00fdnd. Fyrirlestar voru \u00e1 h\u00e1lft\u00edma fresti allan daginn \u00ed mi\u00f0r\u00fdmi h\u00fassins og ger\u00f0u gestir g\u00f3\u00f0an r\u00f3m a\u00f0 fyrirlestrunum.<\/p>\n<p><img loading=\"lazy\" decoding=\"async\" src=\"http:\/\/wayback.vefsafn.is\/wayback\/20141025064922im_\/http:\/\/www.heradsskjalasafn.is\/images\/stories\/norraeni_skjalad._2010_2.jpg\" alt=\"norraeni_skjalad._2010_2\" width=\"515\" height=\"317\" border=\"0\" \/><\/p>\n<p><em>Svanhildur Bogad\u00f3ttir, borgarskjalav\u00f6r\u00f0ur, b\u00fd\u00f0ur gesti velkoma \u00e1 opi\u00f0 h\u00fas hj\u00e1 F\u00e9lagi h\u00e9ra\u00f0sskjalavar\u00f0a \u00e1 \u00cdslandi \u00e1 Norr\u00e6na skjaladaginn 2010. S\u00f6ngsveit Skaftfellinga s\u00f6ng s\u00ed\u00f0an nokkur l\u00f6g vi\u00f0 g\u00f3\u00f0ar undirtektir gesta.<\/em><\/p>\n<p><img loading=\"lazy\" decoding=\"async\" src=\"http:\/\/wayback.vefsafn.is\/wayback\/20141025064922im_\/http:\/\/www.heradsskjalasafn.is\/images\/stories\/norraeni_skjalad_2010_3.jpg\" alt=\"norraeni_skjalad_2010_3\" width=\"510\" height=\"383\" border=\"0\" \/><\/p>\n<p><em>Gu\u00f0r\u00fan N\u00edna Petersen \u00e1 Ve\u00f0urstofu \u00cdslands var einn af fyrirlesurum dagsins. Fyrirlestur Gu\u00f0r\u00fanar N\u00ednu um Skemmtileg sk\u00fd og fl\u00fagandi fur\u00f0uhluti vakti lukku og voru gestir hvattir til a\u00f0 senda Ve\u00f0urstofunni lj\u00f3smyndir af sk\u00fdjum.<\/em><\/p>\n<p><img loading=\"lazy\" decoding=\"async\" src=\"http:\/\/wayback.vefsafn.is\/wayback\/20141025064922im_\/http:\/\/www.heradsskjalasafn.is\/images\/stories\/norraeni_skjalad_2010_4.jpg\" alt=\"norraeni_skjalad_2010_4\" width=\"510\" height=\"369\" border=\"0\" \/><\/p>\n<p><em>Hann var oft \u00fe\u00e9ttskipa\u00f0ur bekkurinn \u00e1 fyrirlestrum \u00e1 opnu h\u00fasi F\u00e9lags h\u00e9ra\u00f0sskjalavar\u00f0a \u00e1 \u00cdslandi.<\/em><\/p>\n<p>Fimm h\u00e9ra\u00f0sskjalas\u00f6fn s\u00fdndu skj\u00f6l. S\u00e9rstaka athygli vakti s\u00fdning H\u00e9ra\u00f0sskjalasafns K\u00f3pavogs \u00e1 \u00fev\u00ed sem sl\u00e6\u00f0ist me\u00f0 skj\u00f6lum sem afhent eru \u00e1 h\u00e9ra\u00f0sskjalas\u00f6fnin og eins s\u00fdning \u00e1 skj\u00f6lum fr\u00e1 H\u00e9ra\u00f0sskjalasafni \u00c1rnesinga sem h\u00f6f\u00f0u lent \u00ed vatnstj\u00f3ni og bruna. \u00de\u00e1 var st\u00f3r lj\u00f3smyndas\u00fdning fr\u00e1 15 h\u00e9ra\u00f0sskjalas\u00f6fnum og kenndi \u00fear margra grasa, lj\u00f3smyndir sem hafa veri\u00f0 afhentar s\u00f6fnunum, lj\u00f3smyndir af skj\u00f6lum og af starfsm\u00f6nnum h\u00e9ra\u00f0sskjalasafnanna vi\u00f0 vinnu s\u00edna.<\/p>\n<p><img loading=\"lazy\" decoding=\"async\" src=\"http:\/\/wayback.vefsafn.is\/wayback\/20141025064922im_\/http:\/\/www.heradsskjalasafn.is\/images\/stories\/norraeni_skjalad_2010_5.jpg\" alt=\"norraeni_skjalad_2010_5\" width=\"510\" height=\"345\" border=\"0\" \/><\/p>\n<p><em>Gestir sko\u00f0a skj\u00f6l \u00e1 s\u00fdningu F\u00e9lags h\u00e9ra\u00f0sskjalavar\u00f0a \u00e1 \u00cdslandi.<\/em><\/p>\n<p>\u00de\u00e1 voru s\u00e9rfr\u00e6\u00f0ingar h\u00e9ra\u00f0sskjalasafnanna til vi\u00f0tals og r\u00e1\u00f0l\u00f6g\u00f0u gestum um skjalav\u00f6rslu, skr\u00e1ningu skjala, og lj\u00f3smynda auk\u00a0 afhendinga \u00e1 h\u00e9r\u00f0asskjalas\u00f6fnin o.fl. Lj\u00f3st er \u00e1 fj\u00f6lda fyrirspurna a\u00f0 fagf\u00f3lk \u00e1 svi\u00f0i skjalav\u00f6rslu \u00fearf ekki a\u00f0 \u00f3ttast verkefnaskort \u00e1 n\u00e6stunni og einstaklingar greinilega \u00e1hugasamir um a\u00f0 var\u00f0veita og halda til haga og ganga vel fr\u00e1 einkaskjalas\u00f6fnum s\u00ednum.<\/p>\n<p>S\u00f6guf\u00e9lagi\u00f0, S\u00f6guf\u00e9lag Borgfir\u00f0inga og S\u00f6guf\u00e9lag \u00c1rnesinga kynntu starfsemi s\u00edna og bu\u00f0u gestum og gangandi a\u00f0 kaupa b\u00e6kur \u00e1 g\u00f3\u00f0u ver\u00f0i. Oddur Helgason \u00e6ttfr\u00e6\u00f0ingur hj\u00e1 \u00c6ttfr\u00e6\u00f0i\u00fej\u00f3nustunni ORG rak \u00e6ttir gesta og svara\u00f0i fj\u00f6lda fyrirspurna um \u00e6ttir manna.<\/p>\n<p><img loading=\"lazy\" decoding=\"async\" src=\"http:\/\/wayback.vefsafn.is\/wayback\/20141025064922im_\/http:\/\/www.heradsskjalasafn.is\/images\/stories\/norraeni_skjalad_2010_6.jpg\" alt=\"norraeni_skjalad_2010_6\" width=\"510\" height=\"380\" border=\"0\" \/><\/p>\n<p><em>Oddur Helgason umkringdur \u00e1hugas\u00f6mum gestum sem kynntu s\u00e9r starfsemi ORG \u00e6ttfr\u00e6\u00f0i\u00fej\u00f3nustu.<\/em><\/p>\n<p>Gestir ger\u00f0u veitingum fr\u00e1 K\u00f6kuger\u00f0 HP \u00e1 Selfossi og N\u00f3a S\u00edr\u00edusi, sem styrktu h\u00e9ra\u00f0sskjalas\u00f6fnin me\u00f0 myndarskap, g\u00f3\u00f0 skil \u00e1 me\u00f0an \u00feeir s\u00f6tru\u00f0u kaffi, sko\u00f0u\u00f0u skj\u00f6l, keyptu b\u00e6kur og hl\u00fdddu \u00e1 fr\u00f3\u00f0lega fyrirlestra.<\/p>\n<p>\u00de\u00e1 hvetjum vi\u00f0 \u00e1hugasama a\u00f0 fara inn Facebook s\u00ed\u00f0u safnanna <a href=\"http:\/\/wayback.vefsafn.is\/wayback\/20141025064922\/http:\/\/www.facebook.com\/photo.php?pid=5407054&amp;op=1&amp;view=all&amp;subj=100000633486016&amp;id=33433176251&amp;ref=notif&amp;notif_t=photo_tag#!\/pages\/Skjalasofnin-kynna-sig\/158149350891114?v=wall\" target=\"_blank\">skjalas\u00f6fnin kynna sig<\/a> e\u00f0a \u00e1 skjaladagsvefinn <a href=\"http:\/\/www.skjaladagur.is\/\" target=\"_blank\">skjaladagur.is<\/a> en \u00fear h\u00e6gt a\u00f0 sj\u00e1 framlag allra opinberra skjalasafna \u00ed tilefni dagsins og eldri framl\u00f6g.<\/p>\n","protected":false},"excerpt":{"rendered":"<p>K\u00e1ri l\u00e9t sitt ekki eftir liggja \u00e1 Norr\u00e6na skjaladeginum 2010 og sk\u00f3p samhlj\u00f3m milli ve\u00f0urs og yfirskriftar dagsins, Eins og vindurinn bl\u00e6s\u2026\u00a0 \u00e1 opnu h\u00fasi 15 h\u00e9r\u00f0asskjalasafna. \u00dea\u00f0 var h\u00fasfyllir \u00e1 Norr\u00e6na skjaladeginum 2010 \u00ed Gr\u00f3farh\u00fasi laugardaginn 13. n\u00f3vember \u00fear<\/p>\n","protected":false},"author":2,"featured_media":0,"comment_status":"closed","ping_status":"closed","sticky":false,"template":"","format":"standard","meta":{"footnotes":""},"categories":[5],"tags":[],"class_list":["post-253","post","type-post","status-publish","format-standard","hentry","category-frettir"],"_links":{"self":[{"href":"https:\/\/heradsskjalasafn.is\/index.php?rest_route=\/wp\/v2\/posts\/253","targetHints":{"allow":["GET"]}}],"collection":[{"href":"https:\/\/heradsskjalasafn.is\/index.php?rest_route=\/wp\/v2\/posts"}],"about":[{"href":"https:\/\/heradsskjalasafn.is\/index.php?rest_route=\/wp\/v2\/types\/post"}],"author":[{"embeddable":true,"href":"https:\/\/heradsskjalasafn.is\/index.php?rest_route=\/wp\/v2\/users\/2"}],"replies":[{"embeddable":true,"href":"https:\/\/heradsskjalasafn.is\/index.php?rest_route=%2Fwp%2Fv2%2Fcomments&post=253"}],"version-history":[{"count":1,"href":"https:\/\/heradsskjalasafn.is\/index.php?rest_route=\/wp\/v2\/posts\/253\/revisions"}],"predecessor-version":[{"id":254,"href":"https:\/\/heradsskjalasafn.is\/index.php?rest_route=\/wp\/v2\/posts\/253\/revisions\/254"}],"wp:attachment":[{"href":"https:\/\/heradsskjalasafn.is\/index.php?rest_route=%2Fwp%2Fv2%2Fmedia&parent=253"}],"wp:term":[{"taxonomy":"category","embeddable":true,"href":"https:\/\/heradsskjalasafn.is\/index.php?rest_route=%2Fwp%2Fv2%2Fcategories&post=253"},{"taxonomy":"post_tag","embeddable":true,"href":"https:\/\/heradsskjalasafn.is\/index.php?rest_route=%2Fwp%2Fv2%2Ftags&post=253"}],"curies":[{"name":"wp","href":"https:\/\/api.w.org\/{rel}","templated":true}]}}