{"id":249,"date":"2010-11-12T13:03:01","date_gmt":"2010-11-12T13:03:01","guid":{"rendered":"http:\/\/wp2.edge.is\/?p=249"},"modified":"2016-11-04T13:03:15","modified_gmt":"2016-11-04T13:03:15","slug":"skjaladagur-is","status":"publish","type":"post","link":"https:\/\/heradsskjalasafn.is\/?p=249","title":{"rendered":"Skjaladagur.is"},"content":{"rendered":"<p>Vefur <a href=\"http:\/\/skjaladagur.is\/\" target=\"_blank\">Norr\u00e6na skjaladagsins 2010<\/a> er kominn \u00ed lofti\u00f0. Opinber skjalas\u00f6fn \u00e1 Nor\u00f0url\u00f6ndunum hafa fr\u00e1 \u00e1rinu 2001 sameinast um \u00e1rlegan kynningardag sem er annar laugardagur \u00ed n\u00f3vember.\u00a0\u00cd \u00e1r er samnorr\u00e6nt \u00feema <em>Ve\u00f0ur og loftslag<\/em>.<\/p>\n<p>M\u00f6rg skjalas\u00f6fn \u00e1 Nor\u00f0url\u00f6ndum opna h\u00fas s\u00edn fyrir almenning \u00e1 \u00feessum degi og kynna starfsem s\u00edna. F\u00e9lag h\u00e9ra\u00f0sskjalavar\u00f0a \u00e1 \u00cdslandi er me\u00f0 opi\u00f0 h\u00fas \u00ed Gr\u00f3farh\u00fasi, Tryggvag\u00f6tu 15, Reykjav\u00edk fr\u00e1 13 \u2013\u00a017.<\/p>\n<p>\u00c1 Laugarvegi 162 er \u00dej\u00f3\u00f0skjalasafn \u00cdslands me\u00f0 opi\u00f0 h\u00fas \u00ed samvinnu me\u00f0 Ve\u00f0urstofu \u00cdslands fr\u00e1 kl. 11 \u2013\u00a015.<\/p>\n<p>H\u00e9ra\u00f0sskjalasafn Akraneskaupsta\u00f0ar er me\u00f0 opi\u00f0 h\u00fas, fr\u00e1 11 \u2013\u00a014 a\u00f0 Dalbraut 1, \u00ed n\u00fdju h\u00fasn\u00e6\u00f0i safnsins. Engin formleg dagskr\u00e1 en skj\u00f6l fr\u00e1 Benedikt T\u00f3massyni skipstj\u00f3ra fr\u00e1 Skuld auk lj\u00f3smynda og skjala er tengjast hafnarger\u00f0 \u00e1 Skaganum \u00e1 fyrri hluta 20. aldar ver\u00f0a til s\u00fdnis. \u00de\u00e1 ver\u00f0ur gestum bo\u00f0i\u00f0 a\u00f0 sko\u00f0a geymslur safnsins. Kaffi \u00e1 k\u00f6nninni.<\/p>\n<p>H\u00e9ra\u00f0sskjalasafn Dalas\u00fdslu er me\u00f0 opi\u00f0 h\u00fas \u00e1 Mi\u00f0braut 11, fr\u00e1 13 \u2013\u00a016, \u00fear sem starfsemi safnsins ver\u00f0ur kynnt fyrir gestum og gangandi.<\/p>\n<p>H\u00e9ra\u00f0sskjalasafni \u00cdsafir\u00f0i \u00ed Gamla sj\u00fakrah\u00fasinu, Safnah\u00fasinu Eyrart\u00fani, opnar s\u00fdninguna<em>Hvass og rigning vestan<\/em> \u00ed tilefni dagsins. \u00dear ver\u00f0a s\u00fdndar dagb\u00e6kur Gu\u00f0mundar J\u00f3nssonar lausamanns \u00e1 \u00cdsafir\u00f0i sem skrifa\u00f0i ve\u00f0urfarsl\u00fdsingar daglega fr\u00e1 hausti 1879 til 1910. S\u00fdningin er \u00e1 opnunart\u00edma h\u00fassins fr\u00e1 13 \u2013\u00a019 \u00e1 virkum d\u00f6gum og 13 \u2013\u00a018 \u00e1 laugard\u00f6gum og stendur \u00fat n\u00f3vember.<\/p>\n<p>H\u00e9ra\u00f0sskjalasafn Austur-Skaftafellss\u00fdslu,\u00a0N\u00fdheimum, Litlubr\u00fa 2, \u00e1 H\u00f6fn \u00ed Hornafir\u00f0i\u00a0ver\u00f0ur s\u00fdning \u00e1 b\u00f3kasafninu fr\u00e1 \u00a013 \u2013 16 \u00fear sem fjalla\u00f0 er um bar\u00e1ttu manna vi\u00f0 j\u00f6kul\u00e1rnar. Einnig ver\u00f0ur opi\u00f0 h\u00fas \u00e1 h\u00e9ra\u00f0sskjalasafninu og skjalageymslur til s\u00fdnis. Kaffi og me\u00f0 \u00fev\u00ed. S\u00fdningin ver\u00f0ur h\u00f6f\u00f0 uppi \u00e1 b\u00f3kasafninu \u00fat n\u00f3vemberm\u00e1nu\u00f0.<\/p>\n<p>H\u00e9ra\u00f0sskjalasafn Vestmannaeyja ver\u00f0ur me\u00f0 s\u00fdningu \u00e1 ve\u00f0urb\u00f3kum \u00far St\u00f3rh\u00f6f\u00f0a, ve\u00f0urb\u00f3k fr\u00e1 frostavetrinum mikla og handriti \u00c1rna \u00c1rnasonar, s\u00edmritara fr\u00e1 Grund af upphafi og fyrstu \u00e1rum St\u00f3rh\u00f6f\u00f0avita. S\u00fdningin ver\u00f0ur opin \u00e1 opnunart\u00edma \u00fat n\u00f3vemberm\u00e1nu\u00f0.<\/p>\n","protected":false},"excerpt":{"rendered":"<p>Vefur Norr\u00e6na skjaladagsins 2010 er kominn \u00ed lofti\u00f0. Opinber skjalas\u00f6fn \u00e1 Nor\u00f0url\u00f6ndunum hafa fr\u00e1 \u00e1rinu 2001 sameinast um \u00e1rlegan kynningardag sem er annar laugardagur \u00ed n\u00f3vember.\u00a0\u00cd \u00e1r er samnorr\u00e6nt \u00feema Ve\u00f0ur og loftslag. M\u00f6rg skjalas\u00f6fn \u00e1 Nor\u00f0url\u00f6ndum opna h\u00fas s\u00edn<\/p>\n","protected":false},"author":2,"featured_media":0,"comment_status":"closed","ping_status":"closed","sticky":false,"template":"","format":"standard","meta":{"footnotes":""},"categories":[5],"tags":[],"class_list":["post-249","post","type-post","status-publish","format-standard","hentry","category-frettir"],"_links":{"self":[{"href":"https:\/\/heradsskjalasafn.is\/index.php?rest_route=\/wp\/v2\/posts\/249","targetHints":{"allow":["GET"]}}],"collection":[{"href":"https:\/\/heradsskjalasafn.is\/index.php?rest_route=\/wp\/v2\/posts"}],"about":[{"href":"https:\/\/heradsskjalasafn.is\/index.php?rest_route=\/wp\/v2\/types\/post"}],"author":[{"embeddable":true,"href":"https:\/\/heradsskjalasafn.is\/index.php?rest_route=\/wp\/v2\/users\/2"}],"replies":[{"embeddable":true,"href":"https:\/\/heradsskjalasafn.is\/index.php?rest_route=%2Fwp%2Fv2%2Fcomments&post=249"}],"version-history":[{"count":1,"href":"https:\/\/heradsskjalasafn.is\/index.php?rest_route=\/wp\/v2\/posts\/249\/revisions"}],"predecessor-version":[{"id":250,"href":"https:\/\/heradsskjalasafn.is\/index.php?rest_route=\/wp\/v2\/posts\/249\/revisions\/250"}],"wp:attachment":[{"href":"https:\/\/heradsskjalasafn.is\/index.php?rest_route=%2Fwp%2Fv2%2Fmedia&parent=249"}],"wp:term":[{"taxonomy":"category","embeddable":true,"href":"https:\/\/heradsskjalasafn.is\/index.php?rest_route=%2Fwp%2Fv2%2Fcategories&post=249"},{"taxonomy":"post_tag","embeddable":true,"href":"https:\/\/heradsskjalasafn.is\/index.php?rest_route=%2Fwp%2Fv2%2Ftags&post=249"}],"curies":[{"name":"wp","href":"https:\/\/api.w.org\/{rel}","templated":true}]}}