{"id":245,"date":"2010-11-06T13:01:58","date_gmt":"2010-11-06T13:01:58","guid":{"rendered":"http:\/\/wp2.edge.is\/?p=245"},"modified":"2016-11-04T13:02:15","modified_gmt":"2016-11-04T13:02:15","slug":"brefa-malalykill-floahrepps-samthykktur","status":"publish","type":"post","link":"https:\/\/heradsskjalasafn.is\/?p=245","title":{"rendered":"Br\u00e9fa-\/m\u00e1lalykill Fl\u00f3ahrepps sam\u00feykktur"},"content":{"rendered":"<p>Starfsf\u00f3lk og sveitarstj\u00f3rnarskrifstofu Fl\u00f3ahrepps og starfsmenn H\u00e9ra\u00f0sskjalasafns \u00c1rnesinga hafa \u00e1 \u00feessu \u00e1ri unni\u00f0 sameiginlega a\u00f0 ger\u00f0 br\u00e9fa-\/m\u00e1lalykils fyrir Fl\u00f3ahrepp. Samhli\u00f0a ger\u00f0 lykilsins hafa verkferlar vi\u00f0 skr\u00e1ningu skjala\/erinda \u00ed br\u00e9fa-\/m\u00e1lasafn sveitarf\u00e9lagsins veri\u00f0 endursko\u00f0a\u00f0ir. Loki\u00f0 var vi\u00f0 ger\u00f0 br\u00e9fa-\/m\u00e1lalykilsins n\u00fana \u00ed okt\u00f3ber og sam\u00feykkti H\u00e9ra\u00f0sskjalasafn \u00c1rnesinga lykilinn 2. n\u00f3vember. Annars vegar er um a\u00f0 r\u00e6\u00f0a tilrauna\u00fatg\u00e1fu sem gildir fr\u00e1 1. jan\u00faar 2010 til 31. desember 2011 og svo lykill sem gildir fr\u00e1 1. jan\u00faar 2011 til 31. desember 2015. Sveitarstj\u00f3rnarskrifstofa Fl\u00f3ahrepps er fyrsta sveitarstj\u00f3rnarskrifstofan sem hefur sam\u00feykktan br\u00e9fa-\/m\u00e1lalykil.<\/p>\n<p><img loading=\"lazy\" decoding=\"async\" src=\"http:\/\/wayback.vefsafn.is\/wayback\/20141025065128im_\/http:\/\/www.heradsskjalasafn.is\/images\/stories\/her_arn_floahreppur_malalykill.jpg\" alt=\"her_arn_floahreppur_malalykill\" width=\"506\" height=\"337\" \/><\/p>\n<p><em>Margr\u00e9t Sigur\u00f0ard\u00f3ttir sveitarstj\u00f3ri Fl\u00f3ahrepps og \u00deorsteinn Tryggvi M\u00e1sson h\u00e9ra\u00f0sskjalav\u00f6r\u00f0ur \u00e1 skrifstofu Fl\u00f3ahrepps \u00feegar \u00deorsteinn afhenti Margr\u00e9ti sta\u00f0festingu h\u00e9ra\u00f0sskjalasafnsins \u00e1 a\u00f0 br\u00e9fa-\/m\u00e1lalykill Fl\u00f3ahrepps v\u00e6ri \u00ed samr\u00e6mi vi\u00f0 reglur afhendingarskyldra a\u00f0ila nr. 622 dags. 30. j\u00fan\u00ed 2010 en reglurnar eru settar \u00e1 grundvelli 3. t\u00f6lul. 4.gr. laga nr. 66\/1985 um \u00dej\u00f3\u00f0skjalasafn \u00cdslands og t\u00f3ku gildi 1. \u00e1g\u00fast 2010.<\/em><\/p>\n","protected":false},"excerpt":{"rendered":"<p>Starfsf\u00f3lk og sveitarstj\u00f3rnarskrifstofu Fl\u00f3ahrepps og starfsmenn H\u00e9ra\u00f0sskjalasafns \u00c1rnesinga hafa \u00e1 \u00feessu \u00e1ri unni\u00f0 sameiginlega a\u00f0 ger\u00f0 br\u00e9fa-\/m\u00e1lalykils fyrir Fl\u00f3ahrepp. Samhli\u00f0a ger\u00f0 lykilsins hafa verkferlar vi\u00f0 skr\u00e1ningu skjala\/erinda \u00ed br\u00e9fa-\/m\u00e1lasafn sveitarf\u00e9lagsins veri\u00f0 endursko\u00f0a\u00f0ir. Loki\u00f0 var vi\u00f0 ger\u00f0 br\u00e9fa-\/m\u00e1lalykilsins n\u00fana \u00ed okt\u00f3ber<\/p>\n","protected":false},"author":2,"featured_media":0,"comment_status":"closed","ping_status":"closed","sticky":false,"template":"","format":"standard","meta":{"footnotes":""},"categories":[5],"tags":[],"class_list":["post-245","post","type-post","status-publish","format-standard","hentry","category-frettir"],"_links":{"self":[{"href":"https:\/\/heradsskjalasafn.is\/index.php?rest_route=\/wp\/v2\/posts\/245","targetHints":{"allow":["GET"]}}],"collection":[{"href":"https:\/\/heradsskjalasafn.is\/index.php?rest_route=\/wp\/v2\/posts"}],"about":[{"href":"https:\/\/heradsskjalasafn.is\/index.php?rest_route=\/wp\/v2\/types\/post"}],"author":[{"embeddable":true,"href":"https:\/\/heradsskjalasafn.is\/index.php?rest_route=\/wp\/v2\/users\/2"}],"replies":[{"embeddable":true,"href":"https:\/\/heradsskjalasafn.is\/index.php?rest_route=%2Fwp%2Fv2%2Fcomments&post=245"}],"version-history":[{"count":1,"href":"https:\/\/heradsskjalasafn.is\/index.php?rest_route=\/wp\/v2\/posts\/245\/revisions"}],"predecessor-version":[{"id":246,"href":"https:\/\/heradsskjalasafn.is\/index.php?rest_route=\/wp\/v2\/posts\/245\/revisions\/246"}],"wp:attachment":[{"href":"https:\/\/heradsskjalasafn.is\/index.php?rest_route=%2Fwp%2Fv2%2Fmedia&parent=245"}],"wp:term":[{"taxonomy":"category","embeddable":true,"href":"https:\/\/heradsskjalasafn.is\/index.php?rest_route=%2Fwp%2Fv2%2Fcategories&post=245"},{"taxonomy":"post_tag","embeddable":true,"href":"https:\/\/heradsskjalasafn.is\/index.php?rest_route=%2Fwp%2Fv2%2Ftags&post=245"}],"curies":[{"name":"wp","href":"https:\/\/api.w.org\/{rel}","templated":true}]}}