{"id":243,"date":"2010-11-05T13:01:29","date_gmt":"2010-11-05T13:01:29","guid":{"rendered":"http:\/\/wp2.edge.is\/?p=243"},"modified":"2016-11-04T13:01:45","modified_gmt":"2016-11-04T13:01:45","slug":"skjalasofnin-kynna-sig","status":"publish","type":"post","link":"https:\/\/heradsskjalasafn.is\/?p=243","title":{"rendered":"Skjalas\u00f6fnin kynna sig"},"content":{"rendered":"<div>\n<p>H\u00e9ra\u00f0sskjalas\u00f6fnin eru komin me\u00f0 sameiginlega Facebook s\u00ed\u00f0u \u00fear sem \u00fdmsir vi\u00f0bur\u00f0ir \u00e1 vegum skjalasafnanna ver\u00f0a kynntir. 13. n\u00f3vember n.k. er Norr\u00e6ni skjaladagurinn. \u00de\u00e1 ver\u00f0a h\u00e9ra\u00f0sskjalas\u00f6fnin me\u00f0 opi\u00f0 h\u00fas \u00ed Gr\u00f3farh\u00fasi, Tryggvag\u00f6tu 15 \u00ed Reykjav\u00edk undir yfirskriftinni <em>Eins og vindurinn bl\u00e6s<\/em>\u2026 \u00fear sem bo\u00f0i\u00f0 ver\u00f0ur upp \u00e1 fyrirlestra, kynningu \u00e1 h\u00e9ra\u00f0sskjalas\u00f6fnunum, \u00fdmis s\u00f6guf\u00e9l\u00f6g kynna starfsemi s\u00edna auk \u00feess a\u00f0 vera me\u00f0 tilbo\u00f0 \u00e1 b\u00f3kum, barnahorn o.fl. Dagskr\u00e1in sem hefst kl. 13 ver\u00f0ur kynnt n\u00e1nar s\u00ed\u00f0ar.<\/p>\n<\/div>\n<div>\n<p>H\u00e6gt er a\u00f0 vingast vi\u00f0 <a href=\"http:\/\/www.facebook.com\/pages\/Skjalasofnin-kynna-sig\/158149350891114?ref=mf#!\/pages\/Skjalasofnin-kynna-sig\/158149350891114?v=wall\" target=\"_blank\">Facebook s\u00ed\u00f0u h\u00e9ra\u00f0sskjalasafnanna h\u00e9rna<\/a>.<\/p>\n<\/div>\n<div>\n<p>\u00de\u00e1 eru fj\u00f6gur h\u00e9ra\u00f0sskjalasafnanna me\u00f0 Facebook s\u00ed\u00f0ur en \u00feau eru:<\/p>\n<\/div>\n<div>\n<div><a href=\"http:\/\/www.facebook.com\/pages\/Skjalasofnin-kynna-sig\/158149350891114?ref=mf#!\/pages\/Reykjavik-Iceland\/Borgarskjalasafn\/33433176251\" target=\"_blank\">H\u00e9ra\u00f0sskjalasafn \u00c1rnesinga<\/a><\/div>\n<div><a href=\"http:\/\/www.facebook.com\/pages\/Skjalasofnin-kynna-sig\/158149350891114?ref=mf#!\/pages\/Reykjavik-Iceland\/Borgarskjalasafn\/33433176251\" target=\"_blank\">Borgarskjalasafn Reykjav\u00edkur<\/a><\/div>\n<div><a href=\"http:\/\/www.facebook.com\/pages\/Skjalasofnin-kynna-sig\/158149350891114?ref=mf#!\/group.php?gid=45440232303\" target=\"_blank\">H\u00e9ra\u00f0sskjalasafn K\u00f3pavogs<\/a><\/div>\n<div><a href=\"http:\/\/www.facebook.com\/pages\/Skjalasofnin-kynna-sig\/158149350891114?ref=mf#!\/profile.php?id=100000941842845\" target=\"_blank\">H\u00e9ra\u00f0sskjalasafn Borgfir\u00f0inga<\/a><\/div>\n<\/div>\n","protected":false},"excerpt":{"rendered":"<p>H\u00e9ra\u00f0sskjalas\u00f6fnin eru komin me\u00f0 sameiginlega Facebook s\u00ed\u00f0u \u00fear sem \u00fdmsir vi\u00f0bur\u00f0ir \u00e1 vegum skjalasafnanna ver\u00f0a kynntir. 13. n\u00f3vember n.k. er Norr\u00e6ni skjaladagurinn. \u00de\u00e1 ver\u00f0a h\u00e9ra\u00f0sskjalas\u00f6fnin me\u00f0 opi\u00f0 h\u00fas \u00ed Gr\u00f3farh\u00fasi, Tryggvag\u00f6tu 15 \u00ed Reykjav\u00edk undir yfirskriftinni Eins og vindurinn bl\u00e6s\u2026<\/p>\n","protected":false},"author":2,"featured_media":0,"comment_status":"closed","ping_status":"closed","sticky":false,"template":"","format":"standard","meta":{"footnotes":""},"categories":[5],"tags":[],"class_list":["post-243","post","type-post","status-publish","format-standard","hentry","category-frettir"],"_links":{"self":[{"href":"https:\/\/heradsskjalasafn.is\/index.php?rest_route=\/wp\/v2\/posts\/243","targetHints":{"allow":["GET"]}}],"collection":[{"href":"https:\/\/heradsskjalasafn.is\/index.php?rest_route=\/wp\/v2\/posts"}],"about":[{"href":"https:\/\/heradsskjalasafn.is\/index.php?rest_route=\/wp\/v2\/types\/post"}],"author":[{"embeddable":true,"href":"https:\/\/heradsskjalasafn.is\/index.php?rest_route=\/wp\/v2\/users\/2"}],"replies":[{"embeddable":true,"href":"https:\/\/heradsskjalasafn.is\/index.php?rest_route=%2Fwp%2Fv2%2Fcomments&post=243"}],"version-history":[{"count":1,"href":"https:\/\/heradsskjalasafn.is\/index.php?rest_route=\/wp\/v2\/posts\/243\/revisions"}],"predecessor-version":[{"id":244,"href":"https:\/\/heradsskjalasafn.is\/index.php?rest_route=\/wp\/v2\/posts\/243\/revisions\/244"}],"wp:attachment":[{"href":"https:\/\/heradsskjalasafn.is\/index.php?rest_route=%2Fwp%2Fv2%2Fmedia&parent=243"}],"wp:term":[{"taxonomy":"category","embeddable":true,"href":"https:\/\/heradsskjalasafn.is\/index.php?rest_route=%2Fwp%2Fv2%2Fcategories&post=243"},{"taxonomy":"post_tag","embeddable":true,"href":"https:\/\/heradsskjalasafn.is\/index.php?rest_route=%2Fwp%2Fv2%2Ftags&post=243"}],"curies":[{"name":"wp","href":"https:\/\/api.w.org\/{rel}","templated":true}]}}