{"id":241,"date":"2010-10-25T12:48:35","date_gmt":"2010-10-25T12:48:35","guid":{"rendered":"http:\/\/wp2.edge.is\/?p=241"},"modified":"2016-11-04T12:49:01","modified_gmt":"2016-11-04T12:49:01","slug":"ny-stjornarnefnd-thjodskjalasafns-islands-skipud","status":"publish","type":"post","link":"https:\/\/heradsskjalasafn.is\/?p=241","title":{"rendered":"N\u00fd stj\u00f3rnarnefnd \u00dej\u00f3\u00f0skjalasafns \u00cdslands skipu\u00f0"},"content":{"rendered":"<p>Menntam\u00e1lar\u00e1\u00f0uneyti\u00f0 hefur skipa\u00f0 n\u00fdja stj\u00f3rnarnefnd \u00dej\u00f3\u00f0skjalasafns \u00cdslands. Nefndin er \u00feannig skipu\u00f0: Dr. M\u00e1r J\u00f3nsson pr\u00f3fessor, forma\u00f0ur, dr. Hrefna R\u00f3bertsd\u00f3ttir, svi\u00f0sstj\u00f3ri skjalav\u00f6rslusvi\u00f0s \u00dej\u00f3\u00f0skjalasafns og Margr\u00e9t Gestsd\u00f3ttir sagnfr\u00e6\u00f0ingur, varaforma\u00f0ur. \u00de\u00e1 \u00e1 \u00fej\u00f3\u00f0skjalav\u00f6r\u00f0ur s\u00e6ti \u00ed nefndinni samkv\u00e6mt st\u00f6\u00f0u sinni. \u00dej\u00f3\u00f0skjalav\u00f6r\u00f0ur er \u00d3lafur \u00c1sgeirson. M\u00e1r J\u00f3nsson er tilnefndur af Sagnfr\u00e6\u00f0istofnun H\u00e1sk\u00f3la \u00cdslands, Hrefna R\u00f3bertsd\u00f3ttir er tilnefnd af fastr\u00e1\u00f0nu starfsf\u00f3lki \u00dej\u00f3\u00f0skjalasafns og Margr\u00e9t Gestsd\u00f3ttir er skipu\u00f0 af Menntam\u00e1lar\u00e1\u00f0uneyti. Stj\u00f3rnarnefndin er skipu\u00f0 fr\u00e1 11. okt\u00f3ber 2010 til 30. september 2014.<\/p>\n<p>F\u00e9lag h\u00e9ra\u00f0sskjalavar\u00f0a \u00e1 \u00cdslandi \u00f3skar n\u00fdrri stj\u00f3rnarnefnd velfarna\u00f0ar \u00ed starfi og vonar a\u00f0 samstarf stj\u00f3rnarnefndarinnar og h\u00e9ra\u00f0sskjalasafnanna ver\u00f0i fars\u00e6lt.<\/p>\n","protected":false},"excerpt":{"rendered":"<p>Menntam\u00e1lar\u00e1\u00f0uneyti\u00f0 hefur skipa\u00f0 n\u00fdja stj\u00f3rnarnefnd \u00dej\u00f3\u00f0skjalasafns \u00cdslands. Nefndin er \u00feannig skipu\u00f0: Dr. M\u00e1r J\u00f3nsson pr\u00f3fessor, forma\u00f0ur, dr. Hrefna R\u00f3bertsd\u00f3ttir, svi\u00f0sstj\u00f3ri skjalav\u00f6rslusvi\u00f0s \u00dej\u00f3\u00f0skjalasafns og Margr\u00e9t Gestsd\u00f3ttir sagnfr\u00e6\u00f0ingur, varaforma\u00f0ur. \u00de\u00e1 \u00e1 \u00fej\u00f3\u00f0skjalav\u00f6r\u00f0ur s\u00e6ti \u00ed nefndinni samkv\u00e6mt st\u00f6\u00f0u sinni. \u00dej\u00f3\u00f0skjalav\u00f6r\u00f0ur er \u00d3lafur \u00c1sgeirson.<\/p>\n","protected":false},"author":2,"featured_media":0,"comment_status":"closed","ping_status":"closed","sticky":false,"template":"","format":"standard","meta":{"footnotes":""},"categories":[5],"tags":[],"class_list":["post-241","post","type-post","status-publish","format-standard","hentry","category-frettir"],"_links":{"self":[{"href":"https:\/\/heradsskjalasafn.is\/index.php?rest_route=\/wp\/v2\/posts\/241","targetHints":{"allow":["GET"]}}],"collection":[{"href":"https:\/\/heradsskjalasafn.is\/index.php?rest_route=\/wp\/v2\/posts"}],"about":[{"href":"https:\/\/heradsskjalasafn.is\/index.php?rest_route=\/wp\/v2\/types\/post"}],"author":[{"embeddable":true,"href":"https:\/\/heradsskjalasafn.is\/index.php?rest_route=\/wp\/v2\/users\/2"}],"replies":[{"embeddable":true,"href":"https:\/\/heradsskjalasafn.is\/index.php?rest_route=%2Fwp%2Fv2%2Fcomments&post=241"}],"version-history":[{"count":1,"href":"https:\/\/heradsskjalasafn.is\/index.php?rest_route=\/wp\/v2\/posts\/241\/revisions"}],"predecessor-version":[{"id":242,"href":"https:\/\/heradsskjalasafn.is\/index.php?rest_route=\/wp\/v2\/posts\/241\/revisions\/242"}],"wp:attachment":[{"href":"https:\/\/heradsskjalasafn.is\/index.php?rest_route=%2Fwp%2Fv2%2Fmedia&parent=241"}],"wp:term":[{"taxonomy":"category","embeddable":true,"href":"https:\/\/heradsskjalasafn.is\/index.php?rest_route=%2Fwp%2Fv2%2Fcategories&post=241"},{"taxonomy":"post_tag","embeddable":true,"href":"https:\/\/heradsskjalasafn.is\/index.php?rest_route=%2Fwp%2Fv2%2Ftags&post=241"}],"curies":[{"name":"wp","href":"https:\/\/api.w.org\/{rel}","templated":true}]}}