{"id":239,"date":"2010-10-22T12:48:00","date_gmt":"2010-10-22T12:48:00","guid":{"rendered":"http:\/\/wp2.edge.is\/?p=239"},"modified":"2016-11-04T12:48:21","modified_gmt":"2016-11-04T12:48:21","slug":"heradsskjalaverdir-motmaela-nidurskurdi-a-rikisframlagi","status":"publish","type":"post","link":"https:\/\/heradsskjalasafn.is\/?p=239","title":{"rendered":"H\u00e9ra\u00f0sskjalaver\u00f0ir m\u00f3tm\u00e6la ni\u00f0urskur\u00f0i \u00e1 r\u00edkisframlagi"},"content":{"rendered":"<p><span lang=\"IS\">Forst\u00f6\u00f0umenn 18 h\u00e9ra\u00f0sskjalasafna sendu <a title=\"bref_til_fjarlaganefndar_althingis_12_10_2010\" href=\"http:\/\/heradsskjalasafn.is\/wp-content\/uploads\/2010\/10\/bref_til_fjarlaganefndar_althingis_12_10_2010.pdf\" target=\"_blank\">erindi<\/a> til fj\u00e1rlaganefndar al\u00feingis 12. okt\u00f3ber 2010. Innihald erindisins eru m\u00f3tm\u00e6li \u00feeirra vi\u00f0 a\u00f0 \u00ed fyrirliggjandi fj\u00e1rlagafrumvarpi s\u00e9 gert r\u00e1\u00f0 fyrir \u00fev\u00ed a\u00f0 framlag r\u00edkisins til h\u00e9ra\u00f0sskjalasafna \u00e1 \u00e1rinu 2011 ver\u00f0i skori\u00f0 ni\u00f0ur um 50% fr\u00e1 sem \u00fea\u00f0 er \u00e1 yfirstandandi \u00e1ri. Gert er r\u00e1\u00f0 fyrir \u00fev\u00ed a\u00f0 framlag r\u00edkisins ver\u00f0i 7,4 millj\u00f3nir \u00ed sta\u00f0 14,7. Bo\u00f0a\u00f0ur ni\u00f0urskur\u00f0ur \u00e1 r\u00edkisframlaginu kemur s\u00e9r illa fyrir h\u00e9ra\u00f0sskjalas\u00f6fnin og er ekki \u00ed neinu samr\u00e6mi vi\u00f0 \u00fe\u00e1 almennu sparna\u00f0arkr\u00f6fu (um 5%) sem l\u00f6g\u00f0 er \u00e1 \u00dej\u00f3\u00f0skjalasafn \u00cdslands \u00ed fj\u00e1rlagafrumvarpinu.<\/span><\/p>\n<p><span lang=\"IS\">\u00dea\u00f0 sk\u00fdtur sk\u00f6kku vi\u00f0 a\u00f0 skera ni\u00f0ur r\u00edkisframlag til h\u00e9ra\u00f0sskjalasafnanna \u00e1 sama t\u00edma og n\u00fdjar kr\u00f6fur eru settar fram um skjalav\u00f6rslu sveitarf\u00e9laga og stofnana \u00feeirra sem hafa \u00ed f\u00f6r me\u00f0 s\u00e9r kostna\u00f0arauka fyrir \u00f6ll sveitarf\u00e9l\u00f6g \u00ed landinu, l\u00edka \u00feau sem ekki standa a\u00f0 rekstri h\u00e9ra\u00f0sskjalasafns. \u00cd erindinu er \u00feess krafist a\u00f0 fj\u00e1rlaganefnd endursko\u00f0i \u00feann ni\u00f0urskur\u00f0 sem bo\u00f0a\u00f0ur er \u00ed fyrirliggjandi fj\u00e1rlagafrumvarpi \u00e1 r\u00edkisframlaginu til h\u00e9ra\u00f0sskjalasafnanna.<\/span><\/p>\n","protected":false},"excerpt":{"rendered":"<p>Forst\u00f6\u00f0umenn 18 h\u00e9ra\u00f0sskjalasafna sendu erindi til fj\u00e1rlaganefndar al\u00feingis 12. okt\u00f3ber 2010. Innihald erindisins eru m\u00f3tm\u00e6li \u00feeirra vi\u00f0 a\u00f0 \u00ed fyrirliggjandi fj\u00e1rlagafrumvarpi s\u00e9 gert r\u00e1\u00f0 fyrir \u00fev\u00ed a\u00f0 framlag r\u00edkisins til h\u00e9ra\u00f0sskjalasafna \u00e1 \u00e1rinu 2011 ver\u00f0i skori\u00f0 ni\u00f0ur um 50% fr\u00e1<\/p>\n","protected":false},"author":2,"featured_media":0,"comment_status":"closed","ping_status":"closed","sticky":false,"template":"","format":"standard","meta":{"footnotes":""},"categories":[5],"tags":[],"class_list":["post-239","post","type-post","status-publish","format-standard","hentry","category-frettir"],"_links":{"self":[{"href":"https:\/\/heradsskjalasafn.is\/index.php?rest_route=\/wp\/v2\/posts\/239","targetHints":{"allow":["GET"]}}],"collection":[{"href":"https:\/\/heradsskjalasafn.is\/index.php?rest_route=\/wp\/v2\/posts"}],"about":[{"href":"https:\/\/heradsskjalasafn.is\/index.php?rest_route=\/wp\/v2\/types\/post"}],"author":[{"embeddable":true,"href":"https:\/\/heradsskjalasafn.is\/index.php?rest_route=\/wp\/v2\/users\/2"}],"replies":[{"embeddable":true,"href":"https:\/\/heradsskjalasafn.is\/index.php?rest_route=%2Fwp%2Fv2%2Fcomments&post=239"}],"version-history":[{"count":1,"href":"https:\/\/heradsskjalasafn.is\/index.php?rest_route=\/wp\/v2\/posts\/239\/revisions"}],"predecessor-version":[{"id":240,"href":"https:\/\/heradsskjalasafn.is\/index.php?rest_route=\/wp\/v2\/posts\/239\/revisions\/240"}],"wp:attachment":[{"href":"https:\/\/heradsskjalasafn.is\/index.php?rest_route=%2Fwp%2Fv2%2Fmedia&parent=239"}],"wp:term":[{"taxonomy":"category","embeddable":true,"href":"https:\/\/heradsskjalasafn.is\/index.php?rest_route=%2Fwp%2Fv2%2Fcategories&post=239"},{"taxonomy":"post_tag","embeddable":true,"href":"https:\/\/heradsskjalasafn.is\/index.php?rest_route=%2Fwp%2Fv2%2Ftags&post=239"}],"curies":[{"name":"wp","href":"https:\/\/api.w.org\/{rel}","templated":true}]}}