{"id":236,"date":"2010-10-04T12:47:32","date_gmt":"2010-10-04T12:47:32","guid":{"rendered":"http:\/\/wp2.edge.is\/?p=236"},"modified":"2016-11-04T12:47:50","modified_gmt":"2016-11-04T12:47:50","slug":"heppnud-hafnarferd","status":"publish","type":"post","link":"https:\/\/heradsskjalasafn.is\/?p=236","title":{"rendered":"Heppnu\u00f0 Hafnarfer\u00f0"},"content":{"rendered":"<p>H\u00e9ra\u00f0sskjalaver\u00f0ir voru \u00e1n\u00e6g\u00f0ir me\u00f0 vi\u00f0t\u00f6kur heimamanna \u00e1 H\u00f6fn \u00ed Hornafir\u00f0i \u00e1 fundi \u00feeirra me\u00f0 \u00dej\u00f3\u00f0skjalasafnsm\u00f6nnum 22. og 23. september sl. Sigur\u00f0i Hannessyni h\u00e9ra\u00f0sskjalaver\u00f0i \u00e1 H\u00f6fn og \u00f6\u00f0rum starfsm\u00f6nnum Menningarmi\u00f0st\u00f6\u00f0varinnar N\u00fdheima eru f\u00e6r\u00f0ar \u00feakkir fyrir gestrisni og gl\u00e6silega umgj\u00f6r\u00f0.<\/p>\n<p><a href=\"http:\/\/wp1.edge.is\/wp-content\/uploads\/2015\/01\/her_hofn_radstefna_20103.jpg\"><img loading=\"lazy\" decoding=\"async\" class=\"alignnone size-full wp-image-547\" src=\"http:\/\/wp1.edge.is\/wp-content\/uploads\/2015\/01\/her_hofn_radstefna_20103.jpg\" alt=\"her_hofn_radstefna_20103\" width=\"350\" height=\"404\" \/><\/a><\/p>\n<p><em>Bj\u00f6rg Erlingsd\u00f3ttir forst\u00f6\u00f0uma\u00f0ur Menningarmi\u00f0st\u00f6\u00f0varinnar\u00a0<\/em><em>N\u00fdheima kynnir h\u00e9ra\u00f0sskjalav\u00f6r\u00f0um starfsemi menningarmi\u00f0st\u00f6\u00f0varinnar.<\/em><\/p>\n<p><a href=\"http:\/\/wp1.edge.is\/wp-content\/uploads\/2015\/01\/her_hofn_radstefna_20102.jpg\"><img loading=\"lazy\" decoding=\"async\" class=\"alignnone size-full wp-image-548\" src=\"http:\/\/wp1.edge.is\/wp-content\/uploads\/2015\/01\/her_hofn_radstefna_20102.jpg\" alt=\"her_hofn_radstefna_20102\" width=\"350\" height=\"535\" \/><\/a><\/p>\n<p><em>Sigur\u00f0ur Hannesson h\u00e9ra\u00f0sskjalav\u00f6r\u00f0ur \u00ed geymslu skjalasafnsins sem er til h\u00fasa \u00ed menningarmi\u00f0st\u00f6\u00f0inni.<\/em><\/p>\n<p><a href=\"http:\/\/wp1.edge.is\/wp-content\/uploads\/2015\/01\/her_hofn_radstefna_20101.jpg\"><img loading=\"lazy\" decoding=\"async\" class=\"alignnone size-full wp-image-549\" src=\"http:\/\/wp1.edge.is\/wp-content\/uploads\/2015\/01\/her_hofn_radstefna_20101.jpg\" alt=\"her_hofn_radstefna_20101\" width=\"500\" height=\"375\" \/><\/a><\/p>\n<div id=\"col1pad\">\n<div id=\"col1\">\n<div class=\"component-pad\">\n<div id=\"page\">\n<p><em>Skjalaver\u00f0ir bera saman b\u00e6kur s\u00ednar \u00ed ve\u00f0urbl\u00ed\u00f0unni \u00e1 H\u00f6fn.<\/em><\/p>\n<\/div>\n<\/div>\n<\/div>\n<\/div>\n","protected":false},"excerpt":{"rendered":"<p>H\u00e9ra\u00f0sskjalaver\u00f0ir voru \u00e1n\u00e6g\u00f0ir me\u00f0 vi\u00f0t\u00f6kur heimamanna \u00e1 H\u00f6fn \u00ed Hornafir\u00f0i \u00e1 fundi \u00feeirra me\u00f0 \u00dej\u00f3\u00f0skjalasafnsm\u00f6nnum 22. og 23. september sl. Sigur\u00f0i Hannessyni h\u00e9ra\u00f0sskjalaver\u00f0i \u00e1 H\u00f6fn og \u00f6\u00f0rum starfsm\u00f6nnum Menningarmi\u00f0st\u00f6\u00f0varinnar N\u00fdheima eru f\u00e6r\u00f0ar \u00feakkir fyrir gestrisni og gl\u00e6silega umgj\u00f6r\u00f0. Bj\u00f6rg Erlingsd\u00f3ttir<\/p>\n","protected":false},"author":2,"featured_media":0,"comment_status":"closed","ping_status":"closed","sticky":false,"template":"","format":"standard","meta":{"footnotes":""},"categories":[5],"tags":[],"class_list":["post-236","post","type-post","status-publish","format-standard","hentry","category-frettir"],"_links":{"self":[{"href":"https:\/\/heradsskjalasafn.is\/index.php?rest_route=\/wp\/v2\/posts\/236","targetHints":{"allow":["GET"]}}],"collection":[{"href":"https:\/\/heradsskjalasafn.is\/index.php?rest_route=\/wp\/v2\/posts"}],"about":[{"href":"https:\/\/heradsskjalasafn.is\/index.php?rest_route=\/wp\/v2\/types\/post"}],"author":[{"embeddable":true,"href":"https:\/\/heradsskjalasafn.is\/index.php?rest_route=\/wp\/v2\/users\/2"}],"replies":[{"embeddable":true,"href":"https:\/\/heradsskjalasafn.is\/index.php?rest_route=%2Fwp%2Fv2%2Fcomments&post=236"}],"version-history":[{"count":1,"href":"https:\/\/heradsskjalasafn.is\/index.php?rest_route=\/wp\/v2\/posts\/236\/revisions"}],"predecessor-version":[{"id":237,"href":"https:\/\/heradsskjalasafn.is\/index.php?rest_route=\/wp\/v2\/posts\/236\/revisions\/237"}],"wp:attachment":[{"href":"https:\/\/heradsskjalasafn.is\/index.php?rest_route=%2Fwp%2Fv2%2Fmedia&parent=236"}],"wp:term":[{"taxonomy":"category","embeddable":true,"href":"https:\/\/heradsskjalasafn.is\/index.php?rest_route=%2Fwp%2Fv2%2Fcategories&post=236"},{"taxonomy":"post_tag","embeddable":true,"href":"https:\/\/heradsskjalasafn.is\/index.php?rest_route=%2Fwp%2Fv2%2Ftags&post=236"}],"curies":[{"name":"wp","href":"https:\/\/api.w.org\/{rel}","templated":true}]}}