{"id":234,"date":"2010-09-22T12:46:43","date_gmt":"2010-09-22T12:46:43","guid":{"rendered":"http:\/\/wp2.edge.is\/?p=234"},"modified":"2016-11-04T12:47:02","modified_gmt":"2016-11-04T12:47:02","slug":"skjalayfirlysingin","status":"publish","type":"post","link":"https:\/\/heradsskjalasafn.is\/?p=234","title":{"rendered":"Skjalayfirl\u00fdsingin"},"content":{"rendered":"<p>\u00dej\u00f3\u00f0skjalav\u00f6r\u00f0ur h\u00f3f m\u00e1l\u00feing \u00dej\u00f3\u00f0skjalasafns \u00cdslands me\u00f0 h\u00e9ra\u00f0sskjalav\u00f6r\u00f0um \u00e1 H\u00f6fn \u00ed Hornafir\u00f0i sem stendur yfir 22.-23. september 2010 me\u00f0 \u00fev\u00ed a\u00f0 kynna hina n\u00fdju\u00a0<a href=\"http:\/\/heradsskjalasafn.is\/images\/stories\/declaration.pdf\" target=\"_blank\">Skjalayfirl\u00fdsingu Al\u00fej\u00f3\u00f0a skjalar\u00e1\u00f0sins<\/a>(Universal Declaration on Archives). \u00cd inngangs\u00e1varpi \u00fej\u00f3\u00f0skjalavar\u00f0ar lag\u00f0i hann \u00e1herslu \u00e1 a\u00f0 skjalaver\u00f0ir k\u00e6mu fram einhuga \u00fer\u00e1tt fyrir innbyr\u00f0is deilur og vitna\u00f0i til al\u00fej\u00f3\u00f0legra si\u00f0areglna skjalavar\u00f0a.<\/p>\n","protected":false},"excerpt":{"rendered":"<p>\u00dej\u00f3\u00f0skjalav\u00f6r\u00f0ur h\u00f3f m\u00e1l\u00feing \u00dej\u00f3\u00f0skjalasafns \u00cdslands me\u00f0 h\u00e9ra\u00f0sskjalav\u00f6r\u00f0um \u00e1 H\u00f6fn \u00ed Hornafir\u00f0i sem stendur yfir 22.-23. september 2010 me\u00f0 \u00fev\u00ed a\u00f0 kynna hina n\u00fdju\u00a0Skjalayfirl\u00fdsingu Al\u00fej\u00f3\u00f0a skjalar\u00e1\u00f0sins(Universal Declaration on Archives). \u00cd inngangs\u00e1varpi \u00fej\u00f3\u00f0skjalavar\u00f0ar lag\u00f0i hann \u00e1herslu \u00e1 a\u00f0 skjalaver\u00f0ir k\u00e6mu fram einhuga<\/p>\n","protected":false},"author":2,"featured_media":0,"comment_status":"closed","ping_status":"closed","sticky":false,"template":"","format":"standard","meta":{"footnotes":""},"categories":[5],"tags":[],"class_list":["post-234","post","type-post","status-publish","format-standard","hentry","category-frettir"],"_links":{"self":[{"href":"https:\/\/heradsskjalasafn.is\/index.php?rest_route=\/wp\/v2\/posts\/234","targetHints":{"allow":["GET"]}}],"collection":[{"href":"https:\/\/heradsskjalasafn.is\/index.php?rest_route=\/wp\/v2\/posts"}],"about":[{"href":"https:\/\/heradsskjalasafn.is\/index.php?rest_route=\/wp\/v2\/types\/post"}],"author":[{"embeddable":true,"href":"https:\/\/heradsskjalasafn.is\/index.php?rest_route=\/wp\/v2\/users\/2"}],"replies":[{"embeddable":true,"href":"https:\/\/heradsskjalasafn.is\/index.php?rest_route=%2Fwp%2Fv2%2Fcomments&post=234"}],"version-history":[{"count":1,"href":"https:\/\/heradsskjalasafn.is\/index.php?rest_route=\/wp\/v2\/posts\/234\/revisions"}],"predecessor-version":[{"id":235,"href":"https:\/\/heradsskjalasafn.is\/index.php?rest_route=\/wp\/v2\/posts\/234\/revisions\/235"}],"wp:attachment":[{"href":"https:\/\/heradsskjalasafn.is\/index.php?rest_route=%2Fwp%2Fv2%2Fmedia&parent=234"}],"wp:term":[{"taxonomy":"category","embeddable":true,"href":"https:\/\/heradsskjalasafn.is\/index.php?rest_route=%2Fwp%2Fv2%2Fcategories&post=234"},{"taxonomy":"post_tag","embeddable":true,"href":"https:\/\/heradsskjalasafn.is\/index.php?rest_route=%2Fwp%2Fv2%2Ftags&post=234"}],"curies":[{"name":"wp","href":"https:\/\/api.w.org\/{rel}","templated":true}]}}