{"id":232,"date":"2010-09-17T12:46:05","date_gmt":"2010-09-17T12:46:05","guid":{"rendered":"http:\/\/wp2.edge.is\/?p=232"},"modified":"2016-11-04T12:46:20","modified_gmt":"2016-11-04T12:46:20","slug":"athugasemdir-vegna-frettar","status":"publish","type":"post","link":"https:\/\/heradsskjalasafn.is\/?p=232","title":{"rendered":"Athugasemdir vegna fr\u00e9ttar"},"content":{"rendered":"<p>Hinn 1. september sl. birtist fr\u00e9tt \u00e1 vef F\u00e9lags h\u00e9ra\u00f0sskjalavar\u00f0a \u00e1 \u00cdslandi me\u00f0 fyrirs\u00f6gninni <span lang=\"IS\">\u201e<\/span>N\u00fdsettar reglur \u00dej\u00f3\u00f0skjalasafns um rafr\u00e6na skjalav\u00f6rslu \u00fareltar<span lang=\"IS\">\u201c<\/span>. \u00a0\u00dej\u00f3\u00f0skjalav\u00f6r\u00f0ur hefur fari\u00f0 \u00feess \u00e1 leit vi\u00f0 ritstj\u00f3ra vefs\u00ed\u00f0unnar a\u00f0 birta athugasemd vi\u00f0 fr\u00e9ttina. H\u00e9r \u00e1 eftir eru tenglar \u00e1 athugasemd \u00fej\u00f3\u00f0skjalavar\u00f0ar og \u00e1 athugasemd ritstj\u00f3ra vefs\u00ed\u00f0unnar vi\u00f0 hana. Teki\u00f0 skal fram a\u00f0 ritstj\u00f3rar, \u00feeir \u00deorsteinn Tryggvi M\u00e1sson \u00a0h\u00e9ra\u00f0sskjalav\u00f6r\u00f0ur og Hrafn Sveinbjarnarson h\u00e9ra\u00f0sskjalav\u00f6r\u00f0ur standa vi\u00f0 fr\u00e9ttina sem birt var 1. september 2010.<\/p>\n<p><a href=\"http:\/\/heradsskjalasafn.is\/images\/stories\/athugasemd_thjodskjalavardar.pdf\" target=\"_blank\">Athugasemd \u00fej\u00f3\u00f0skjalavar\u00f0ar<\/a><\/p>\n<p><a href=\"http:\/\/heradsskjalasafn.is\/images\/stories\/athugasemd_ritstjora.pdf\" target=\"_blank\">Svar ritstj\u00f3ra<\/a><\/p>\n","protected":false},"excerpt":{"rendered":"<p>Hinn 1. september sl. birtist fr\u00e9tt \u00e1 vef F\u00e9lags h\u00e9ra\u00f0sskjalavar\u00f0a \u00e1 \u00cdslandi me\u00f0 fyrirs\u00f6gninni \u201eN\u00fdsettar reglur \u00dej\u00f3\u00f0skjalasafns um rafr\u00e6na skjalav\u00f6rslu \u00fareltar\u201c. \u00a0\u00dej\u00f3\u00f0skjalav\u00f6r\u00f0ur hefur fari\u00f0 \u00feess \u00e1 leit vi\u00f0 ritstj\u00f3ra vefs\u00ed\u00f0unnar a\u00f0 birta athugasemd vi\u00f0 fr\u00e9ttina. H\u00e9r \u00e1 eftir eru tenglar<\/p>\n","protected":false},"author":2,"featured_media":0,"comment_status":"closed","ping_status":"closed","sticky":false,"template":"","format":"standard","meta":{"footnotes":""},"categories":[5],"tags":[],"class_list":["post-232","post","type-post","status-publish","format-standard","hentry","category-frettir"],"_links":{"self":[{"href":"https:\/\/heradsskjalasafn.is\/index.php?rest_route=\/wp\/v2\/posts\/232","targetHints":{"allow":["GET"]}}],"collection":[{"href":"https:\/\/heradsskjalasafn.is\/index.php?rest_route=\/wp\/v2\/posts"}],"about":[{"href":"https:\/\/heradsskjalasafn.is\/index.php?rest_route=\/wp\/v2\/types\/post"}],"author":[{"embeddable":true,"href":"https:\/\/heradsskjalasafn.is\/index.php?rest_route=\/wp\/v2\/users\/2"}],"replies":[{"embeddable":true,"href":"https:\/\/heradsskjalasafn.is\/index.php?rest_route=%2Fwp%2Fv2%2Fcomments&post=232"}],"version-history":[{"count":1,"href":"https:\/\/heradsskjalasafn.is\/index.php?rest_route=\/wp\/v2\/posts\/232\/revisions"}],"predecessor-version":[{"id":233,"href":"https:\/\/heradsskjalasafn.is\/index.php?rest_route=\/wp\/v2\/posts\/232\/revisions\/233"}],"wp:attachment":[{"href":"https:\/\/heradsskjalasafn.is\/index.php?rest_route=%2Fwp%2Fv2%2Fmedia&parent=232"}],"wp:term":[{"taxonomy":"category","embeddable":true,"href":"https:\/\/heradsskjalasafn.is\/index.php?rest_route=%2Fwp%2Fv2%2Fcategories&post=232"},{"taxonomy":"post_tag","embeddable":true,"href":"https:\/\/heradsskjalasafn.is\/index.php?rest_route=%2Fwp%2Fv2%2Ftags&post=232"}],"curies":[{"name":"wp","href":"https:\/\/api.w.org\/{rel}","templated":true}]}}