{"id":230,"date":"2010-09-14T12:44:56","date_gmt":"2010-09-14T12:44:56","guid":{"rendered":"http:\/\/wp2.edge.is\/?p=230"},"modified":"2016-11-04T12:45:21","modified_gmt":"2016-11-04T12:45:21","slug":"nyr-heradsskjalavordur-i-dalabyggd","status":"publish","type":"post","link":"https:\/\/heradsskjalasafn.is\/?p=230","title":{"rendered":"N\u00fdr h\u00e9ra\u00f0sskjalav\u00f6r\u00f0ur \u00ed Dalabygg\u00f0"},"content":{"rendered":"<p>Vald\u00eds Einarsd\u00f3ttir hefur veri\u00f0 r\u00e1\u00f0in h\u00e9ra\u00f0sskjalav\u00f6r\u00f0ur H\u00e9ra\u00f0sskjalasafns Dalas\u00fdslu en \u00fea\u00f0 er skjalasafn sveitarf\u00e9lagsins Dalabygg\u00f0ar.<\/p>\n<div>\n<p>H\u00e9ra\u00f0sskjalasafn Dalas\u00fdslu var stofna\u00f0 1987 fyrir tilstu\u00f0lan Einars Kristj\u00e1nssonar fyrrverandi sk\u00f3lastj\u00f3ra Laugask\u00f3la. \u00de\u00e1 voru sveitarf\u00e9l\u00f6gin mun fleiri en n\u00fa er. Klofningshreppi var skipt \u00e1 milli Fellsstrandarhrepps og Skar\u00f0shrepps 1986. H\u00f6r\u00f0udalshreppur og Mi\u00f0dalahreppur sameinu\u00f0ust \u00ed Su\u00f0urdalahrepp 1992, Su\u00f0urdalahreppur, Haukadalshreppur, Lax\u00e1rdalshreppur, Hvammshreppur, Fellsstrandarhreppur og Skar\u00f0shreppur sameinu\u00f0ust \u00ed Dalabygg\u00f0 1994, Sk\u00f3garstrandarhreppur sameina\u00f0ist Dalabygg\u00f0 1998 og Saurb\u00e6jarhreppur \u00e1ri\u00f0 2006.<\/p>\n<p>F\u00e9lag h\u00e9ra\u00f0sskjalavar\u00f0a b\u00fd\u00f0ur Vald\u00edsi velkomna til starfa.<\/p>\n<p>\u00c1hugasamir geta haft samband vi\u00f0 Vald\u00edsi \u00e1 netfangi\u00f0 <a href=\"mailto:safnamal@dalir.is\">safnamal@dalir.is<\/a> .<\/p>\n<p>H\u00e9r er kr\u00e6kja \u00e1 s\u00ed\u00f0u <a href=\"http:\/\/www.dalir.is\/thjonusta-og-starfsemi\/heradsskjalasafn\/\" target=\"_blank\">h\u00e9ra\u00f0sskjalasafnsins<\/a> \u00e1 heimas\u00ed\u00f0u Dalabygg\u00f0ar.<\/p>\n<\/div>\n","protected":false},"excerpt":{"rendered":"<p>Vald\u00eds Einarsd\u00f3ttir hefur veri\u00f0 r\u00e1\u00f0in h\u00e9ra\u00f0sskjalav\u00f6r\u00f0ur H\u00e9ra\u00f0sskjalasafns Dalas\u00fdslu en \u00fea\u00f0 er skjalasafn sveitarf\u00e9lagsins Dalabygg\u00f0ar. H\u00e9ra\u00f0sskjalasafn Dalas\u00fdslu var stofna\u00f0 1987 fyrir tilstu\u00f0lan Einars Kristj\u00e1nssonar fyrrverandi sk\u00f3lastj\u00f3ra Laugask\u00f3la. \u00de\u00e1 voru sveitarf\u00e9l\u00f6gin mun fleiri en n\u00fa er. Klofningshreppi var skipt \u00e1 milli Fellsstrandarhrepps<\/p>\n","protected":false},"author":2,"featured_media":0,"comment_status":"closed","ping_status":"closed","sticky":false,"template":"","format":"standard","meta":{"footnotes":""},"categories":[5],"tags":[],"class_list":["post-230","post","type-post","status-publish","format-standard","hentry","category-frettir"],"_links":{"self":[{"href":"https:\/\/heradsskjalasafn.is\/index.php?rest_route=\/wp\/v2\/posts\/230","targetHints":{"allow":["GET"]}}],"collection":[{"href":"https:\/\/heradsskjalasafn.is\/index.php?rest_route=\/wp\/v2\/posts"}],"about":[{"href":"https:\/\/heradsskjalasafn.is\/index.php?rest_route=\/wp\/v2\/types\/post"}],"author":[{"embeddable":true,"href":"https:\/\/heradsskjalasafn.is\/index.php?rest_route=\/wp\/v2\/users\/2"}],"replies":[{"embeddable":true,"href":"https:\/\/heradsskjalasafn.is\/index.php?rest_route=%2Fwp%2Fv2%2Fcomments&post=230"}],"version-history":[{"count":1,"href":"https:\/\/heradsskjalasafn.is\/index.php?rest_route=\/wp\/v2\/posts\/230\/revisions"}],"predecessor-version":[{"id":231,"href":"https:\/\/heradsskjalasafn.is\/index.php?rest_route=\/wp\/v2\/posts\/230\/revisions\/231"}],"wp:attachment":[{"href":"https:\/\/heradsskjalasafn.is\/index.php?rest_route=%2Fwp%2Fv2%2Fmedia&parent=230"}],"wp:term":[{"taxonomy":"category","embeddable":true,"href":"https:\/\/heradsskjalasafn.is\/index.php?rest_route=%2Fwp%2Fv2%2Fcategories&post=230"},{"taxonomy":"post_tag","embeddable":true,"href":"https:\/\/heradsskjalasafn.is\/index.php?rest_route=%2Fwp%2Fv2%2Ftags&post=230"}],"curies":[{"name":"wp","href":"https:\/\/api.w.org\/{rel}","templated":true}]}}