{"id":228,"date":"2010-09-10T12:44:16","date_gmt":"2010-09-10T12:44:16","guid":{"rendered":"http:\/\/wp2.edge.is\/?p=228"},"modified":"2016-11-04T12:44:43","modified_gmt":"2016-11-04T12:44:43","slug":"skjalavorslu-sveitarfelaga-i-noregi-abotavant","status":"publish","type":"post","link":"https:\/\/heradsskjalasafn.is\/?p=228","title":{"rendered":"Skjalav\u00f6rslu sveitarf\u00e9laga \u00ed Noregi \u00e1b\u00f3tavant"},"content":{"rendered":"<p>Samkv\u00e6mt n\u00fdrri sk\u00fdrslu R\u00edkisendursko\u00f0unar Noregs, sem kynnt er \u00ed dag, er a\u00f0gengileika og \u00f6ryggi skjala mj\u00f6g \u00e1b\u00f3tavant \u00e1 vettvangi sveitarf\u00e9laga. Menningarr\u00e1\u00f0uneyti\u00f0 norska er gagnr\u00fdnt fyrir slaka yfirstj\u00f3rn s\u00edna \u00ed skjalav\u00f6rslum\u00e1lum. Um 300 sveitarf\u00e9l\u00f6g hafa uppl\u00fdst um a\u00f0 h\u00fasn\u00e6\u00f0i undir skjalas\u00f6fn \u00feeirra s\u00e9 a\u00f0 meira e\u00f0a minna leyti \u00e1b\u00f3tavant.<\/p>\n<p>Sk\u00fdrslan s\u00fdnir a\u00f0 f\u00e1 rafr\u00e6n kerfi sveitarf\u00e9laganna eru h\u00f6nnu\u00f0 me\u00f0 \u00fea\u00f0 \u00ed huga a\u00f0 tryggja langt\u00edmavar\u00f0veislu skjala sem hafa var\u00f0veislugildi. \u00deessu fylgir s\u00fa \u00e1h\u00e6tta a\u00f0 tj\u00f3n ver\u00f0i \u00e1 rafr\u00e6num skj\u00f6lum sem hafa mikla r\u00e9ttarlega, stj\u00f3rns\u00fdslulega og s\u00f6gulega \u00fe\u00fd\u00f0ingu.<\/p>\n<p>Miki\u00f0 af skj\u00f6lum er \u00f3a\u00f0gengilegt notendum m.a. vegna \u00feess a\u00f0 skipulag skortir og almanna\u00fej\u00f3nustu er \u00e1b\u00f3tavant. Auk \u00feess er mikil\u00a0 \u00fe\u00f6rf \u00e1 a\u00f0 efla h\u00e6fni \u00ed sveitarf\u00e9l\u00f6gum vi\u00f0 a\u00f0 tryggja \u00f6ryggi og a\u00f0gengi a\u00f0 skjalas\u00f6fnunum.<\/p>\n<p>Sk\u00fdrslan s\u00fdnir verulega veikleika \u00ed stj\u00f3rns\u00fdslufyrirm\u00e6lum r\u00e1\u00f0uneytisins og \u00ed samskiptum \u00feess vi\u00f0 Arkivverket um vandam\u00e1l \u00ed skjalav\u00f6rslu sveitarf\u00e9laga. R\u00edkisendursko\u00f0unin setur fram efasemdir um a\u00f0 stj\u00f3rn r\u00e1\u00f0uneytisins og eftirfylgni vi\u00f0 vinnu Arkivverkets gagnvart skjalav\u00f6rslu sveitarf\u00e9laga hafi veri\u00f0 n\u00e6gileg. \u00cd lj\u00f3si hinna miklu v\u00f6rsluvandam\u00e1la vi\u00f0 rafr\u00e6n skj\u00f6l, telur R\u00edkisendursko\u00f0unin a\u00f0 r\u00e1\u00f0uneyti\u00f0 ver\u00f0i a\u00f0 setja \u00ed \u00f6ndvegi samstarf vi\u00f0 r\u00edkisskjalav\u00f6r\u00f0inn um lausnir sem lei\u00f0i til \u00f6ruggrar langt\u00edmav\u00f6rslu \u00e1 rafr\u00e6num skj\u00f6lum \u00ed sveitarf\u00e9l\u00f6gunum. Arkivverket sinnir \u00ed litlu eftirliti me\u00f0 skjalas\u00f6fnum \u00e1 vettvangi sveitarf\u00e9laganna og ni\u00f0urst\u00f6\u00f0um eftirlitsins er ekki fylgt eftir af r\u00edkisskjalaver\u00f0inum. \u00dev\u00ed vakna spurningar um hvort r\u00edkisskjalav\u00f6r\u00f0urinn hafi \u00ed n\u00e6gum m\u00e6li sinnt eftirlitsskyldum s\u00ednum. Reglur um v\u00f6rslu og grisjun eru \u00fareltar og f\u00e1 sveitarf\u00e9l\u00f6g f\u00e1 lei\u00f0beiningar um \u00feessi efni fr\u00e1 Arkivverket. Skv. mati R\u00edkisendursko\u00f0unarinnar ber a\u00f0 styrkja lei\u00f0beiningarhlutverk Arkivverkets og vinnu vi\u00f0 a\u00f0 endursko\u00f0a \u00e1kvar\u00f0anirnar \u00fearf a\u00f0 setja \u00ed forgang \u00ed r\u00e1\u00f0uneytinu.<\/p>\n<p>Sj\u00e1 fr\u00e9tt um sk\u00fdrsluna me\u00f0 tengli til hennar \u00e1 vefs\u00ed\u00f0u <a href=\"http:\/\/www.riksrevisjonen.no\/Rapporter\/Sider\/arkiv.aspx\" target=\"_blank\">R\u00edkisendursko\u00f0unar Noregs<\/a>.<\/p>\n<p>R\u00edkisskjalav\u00f6r\u00f0ur Noregs telur a\u00f0 \u00fe\u00f6rf s\u00e9 \u00e1 samh\u00e6f\u00f0u \u00e1taki fyrir allan Noreg til a\u00f0 leita g\u00f3\u00f0ra og skynsamlegara lausna til a\u00f0 var\u00f0veita og gera rafr\u00e6n skjalas\u00f6fn sveitarf\u00e9laga a\u00f0gengileg. Sj\u00e1 <a href=\"http:\/\/arkivverket.no\/arkivverket\/Aktuelt\/Nyhetsarkiv\/Dokumenttap-i-offentlig-sektor\" target=\"_blank\">yfirl\u00fdsingu<\/a> Ivar Fonnes r\u00edkisskjalavar\u00f0ar.<\/p>\n<p>\u00deetta vekur \u00f3neitanlega \u00e1leitnar spurningar um st\u00f6\u00f0u m\u00e1la \u00e1 \u00cdslandi. Engin svo \u00edtarleg \u00fattekt hefur veri\u00f0 ger\u00f0 \u00e1 skjalav\u00f6rslum\u00e1lum sveitarf\u00e9laga e\u00f0a r\u00edkisstofnana \u00e1 \u00cdslandi, en \u00e1ri\u00f0 2008 var ger\u00f0 \u00fattekt \u00e1 st\u00f6\u00f0u og starfsemi h\u00e9ra\u00f0sskjalasafna \u00e1 \u00cdslandi. \u00de\u00e6r ni\u00f0urst\u00f6\u00f0ur hafa litla kynningu hloti\u00f0 \u00e1 opinberum vettvangi og ekki hefur \u00fattektin leitt til umb\u00f3ta sem full \u00fe\u00f6rf v\u00e6ri \u00e1.<\/p>\n<p>Endursko\u00f0un \u00e1 l\u00f6gum um \u00dej\u00f3\u00f0skjalasafn \u00cdslands sem jafnframt gilda um h\u00e9ra\u00f0sskjalas\u00f6fn fer n\u00fa fram \u00ed nefnd, en engin heildar\u00fattekt \u00e1 bor\u00f0 vi\u00f0 \u00fe\u00e1 norsku liggur fyrir til a\u00f0 grundvalla \u00fe\u00e6r lagabreytingar \u00e1. Mikilsvert er a\u00f0 lagabreytingar mi\u00f0ist vi\u00f0 a\u00f0 teki\u00f0 ver\u00f0i \u00e1 m\u00e1lum og tillit s\u00e9 teki\u00f0 til skjalav\u00f6rslu sveitarf\u00e9laga, sj\u00e1lfst\u00e6\u00f0i \u00feeirra og h\u00e9ra\u00f0sskjalasafna \u00ed eigu sveitarf\u00e9laganna. A\u00f0koma \u00feeirra er engin a\u00f0 \u00feessari vinnu.<\/p>\n<p>HS og \u00deTM<\/p>\n","protected":false},"excerpt":{"rendered":"<p>Samkv\u00e6mt n\u00fdrri sk\u00fdrslu R\u00edkisendursko\u00f0unar Noregs, sem kynnt er \u00ed dag, er a\u00f0gengileika og \u00f6ryggi skjala mj\u00f6g \u00e1b\u00f3tavant \u00e1 vettvangi sveitarf\u00e9laga. Menningarr\u00e1\u00f0uneyti\u00f0 norska er gagnr\u00fdnt fyrir slaka yfirstj\u00f3rn s\u00edna \u00ed skjalav\u00f6rslum\u00e1lum. Um 300 sveitarf\u00e9l\u00f6g hafa uppl\u00fdst um a\u00f0 h\u00fasn\u00e6\u00f0i undir skjalas\u00f6fn<\/p>\n","protected":false},"author":2,"featured_media":0,"comment_status":"closed","ping_status":"closed","sticky":false,"template":"","format":"standard","meta":{"footnotes":""},"categories":[5],"tags":[],"class_list":["post-228","post","type-post","status-publish","format-standard","hentry","category-frettir"],"_links":{"self":[{"href":"https:\/\/heradsskjalasafn.is\/index.php?rest_route=\/wp\/v2\/posts\/228","targetHints":{"allow":["GET"]}}],"collection":[{"href":"https:\/\/heradsskjalasafn.is\/index.php?rest_route=\/wp\/v2\/posts"}],"about":[{"href":"https:\/\/heradsskjalasafn.is\/index.php?rest_route=\/wp\/v2\/types\/post"}],"author":[{"embeddable":true,"href":"https:\/\/heradsskjalasafn.is\/index.php?rest_route=\/wp\/v2\/users\/2"}],"replies":[{"embeddable":true,"href":"https:\/\/heradsskjalasafn.is\/index.php?rest_route=%2Fwp%2Fv2%2Fcomments&post=228"}],"version-history":[{"count":1,"href":"https:\/\/heradsskjalasafn.is\/index.php?rest_route=\/wp\/v2\/posts\/228\/revisions"}],"predecessor-version":[{"id":229,"href":"https:\/\/heradsskjalasafn.is\/index.php?rest_route=\/wp\/v2\/posts\/228\/revisions\/229"}],"wp:attachment":[{"href":"https:\/\/heradsskjalasafn.is\/index.php?rest_route=%2Fwp%2Fv2%2Fmedia&parent=228"}],"wp:term":[{"taxonomy":"category","embeddable":true,"href":"https:\/\/heradsskjalasafn.is\/index.php?rest_route=%2Fwp%2Fv2%2Fcategories&post=228"},{"taxonomy":"post_tag","embeddable":true,"href":"https:\/\/heradsskjalasafn.is\/index.php?rest_route=%2Fwp%2Fv2%2Ftags&post=228"}],"curies":[{"name":"wp","href":"https:\/\/api.w.org\/{rel}","templated":true}]}}