{"id":224,"date":"2010-08-27T10:54:43","date_gmt":"2010-08-27T10:54:43","guid":{"rendered":"http:\/\/wp2.edge.is\/?p=224"},"modified":"2016-11-04T10:55:09","modified_gmt":"2016-11-04T10:55:09","slug":"norraeni-skjaladagurinn-2010","status":"publish","type":"post","link":"https:\/\/heradsskjalasafn.is\/?p=224","title":{"rendered":"Norr\u00e6ni skjaladagurinn 2010"},"content":{"rendered":"<p>Norr\u00e6ni skjaladagurinn 2010 ver\u00f0ur haldinn laugardaginn 13. n\u00f3vember. \u00deema dagsins er samnorr\u00e6nt a\u00f0 \u00feessu sinni, \u201eve\u00f0ur og loftslag\u201c. Almenn \u00e1n\u00e6gja er me\u00f0 \u00feema\u00f0 enda \u00fat miklu a\u00f0 mo\u00f0a \u00feegar horft er \u00e1 safnkost skjalasafnana.<\/p>\n<p><a href=\"http:\/\/wp1.edge.is\/wp-content\/uploads\/2015\/01\/her_arn_norraeni_skjaladagur_2010.jpg\"><img loading=\"lazy\" decoding=\"async\" class=\"alignnone wp-image-534\" src=\"http:\/\/wp1.edge.is\/wp-content\/uploads\/2015\/01\/her_arn_norraeni_skjaladagur_2010.jpg\" alt=\"her_arn_norraeni_skjaladagur_2010\" width=\"500\" height=\"292\" \/><\/a><\/p>\n<p><em>Nefnd um Norr\u00e6na skjaladaginn \u00ed h\u00fasakynnum H\u00e9ra\u00f0sskjalasafns \u00c1rnesinga.<\/em><\/p>\n<p>Nefnd um Norr\u00e6na skjaladaginn kom saman \u00ed h\u00fasakynnum H\u00e9ra\u00f0sskjalasafns \u00c1rnesinga \u00e1 Selfossi fimmtudaginn 26. \u00e1g\u00fast og lag\u00f0i dr\u00f6g a\u00f0 undirb\u00faning fyrir skjaladaginn. Eins og undanfarin \u00e1r ver\u00f0ur b\u00fain til vefur <a href=\"http:\/\/www.skjaladagur.is\/\" target=\"_blank\">skjaladagur.is<\/a> \u00fear sem gefur a\u00f0 l\u00edta framlag fr\u00e1 s\u00f6fnunum. \u00de\u00e1 ver\u00f0a sum safnana me\u00f0 opi\u00f0 h\u00fas \u00e1 \u00feessum degi og kynna starfsemi s\u00edna.<\/p>\n<p>\u00cd nefndinni eru Svanhildur Bogad\u00f3ttir borgarskjalav\u00f6r\u00f0ur, Eir\u00edkur G. Gu\u00f0mundsson, forma\u00f0ur, Benedikt J\u00f3nsson og J\u00f3n Torfason fr\u00e1 \u00dej\u00f3\u00f0skjalasafni \u00cdslands og \u00deorsteinn Tryggvi M\u00e1sson h\u00e9ra\u00f0sskjalav\u00f6r\u00f0ur.<\/p>\n<p>\u00deTM<\/p>\n","protected":false},"excerpt":{"rendered":"<p>Norr\u00e6ni skjaladagurinn 2010 ver\u00f0ur haldinn laugardaginn 13. n\u00f3vember. \u00deema dagsins er samnorr\u00e6nt a\u00f0 \u00feessu sinni, \u201eve\u00f0ur og loftslag\u201c. Almenn \u00e1n\u00e6gja er me\u00f0 \u00feema\u00f0 enda \u00fat miklu a\u00f0 mo\u00f0a \u00feegar horft er \u00e1 safnkost skjalasafnana. Nefnd um Norr\u00e6na skjaladaginn \u00ed h\u00fasakynnum<\/p>\n","protected":false},"author":2,"featured_media":0,"comment_status":"closed","ping_status":"closed","sticky":false,"template":"","format":"standard","meta":{"footnotes":""},"categories":[5],"tags":[],"class_list":["post-224","post","type-post","status-publish","format-standard","hentry","category-frettir"],"_links":{"self":[{"href":"https:\/\/heradsskjalasafn.is\/index.php?rest_route=\/wp\/v2\/posts\/224","targetHints":{"allow":["GET"]}}],"collection":[{"href":"https:\/\/heradsskjalasafn.is\/index.php?rest_route=\/wp\/v2\/posts"}],"about":[{"href":"https:\/\/heradsskjalasafn.is\/index.php?rest_route=\/wp\/v2\/types\/post"}],"author":[{"embeddable":true,"href":"https:\/\/heradsskjalasafn.is\/index.php?rest_route=\/wp\/v2\/users\/2"}],"replies":[{"embeddable":true,"href":"https:\/\/heradsskjalasafn.is\/index.php?rest_route=%2Fwp%2Fv2%2Fcomments&post=224"}],"version-history":[{"count":1,"href":"https:\/\/heradsskjalasafn.is\/index.php?rest_route=\/wp\/v2\/posts\/224\/revisions"}],"predecessor-version":[{"id":225,"href":"https:\/\/heradsskjalasafn.is\/index.php?rest_route=\/wp\/v2\/posts\/224\/revisions\/225"}],"wp:attachment":[{"href":"https:\/\/heradsskjalasafn.is\/index.php?rest_route=%2Fwp%2Fv2%2Fmedia&parent=224"}],"wp:term":[{"taxonomy":"category","embeddable":true,"href":"https:\/\/heradsskjalasafn.is\/index.php?rest_route=%2Fwp%2Fv2%2Fcategories&post=224"},{"taxonomy":"post_tag","embeddable":true,"href":"https:\/\/heradsskjalasafn.is\/index.php?rest_route=%2Fwp%2Fv2%2Ftags&post=224"}],"curies":[{"name":"wp","href":"https:\/\/api.w.org\/{rel}","templated":true}]}}