{"id":218,"date":"2010-06-09T10:35:11","date_gmt":"2010-06-09T10:35:11","guid":{"rendered":"http:\/\/wp2.edge.is\/?p=218"},"modified":"2016-11-04T10:37:07","modified_gmt":"2016-11-04T10:37:07","slug":"thorf-a-ataki-i-skjalavorslumalum-skola","status":"publish","type":"post","link":"https:\/\/heradsskjalasafn.is\/?p=218","title":{"rendered":"\u00de\u00f6rf \u00e1 \u00e1taki \u00ed skjalav\u00f6rslum\u00e1lum sk\u00f3la"},"content":{"rendered":"<p>\u00cd tilefni af Al\u00fej\u00f3\u00f0lega skjaladeginum 9. j\u00fan\u00ed 2010 st\u00f3\u00f0 F\u00e9lag h\u00e9ra\u00f0sskjalavar\u00f0a fyrir m\u00e1l\u00feingi um skjalav\u00f6rslu leik- og grunnsk\u00f3la.<\/p>\n<p>M\u00e1l\u00feingi\u00f0 var haldi\u00f0 \u00e1 Selfossi \u00ed h\u00fasakynnum H\u00e1sk\u00f3laf\u00e9lags Su\u00f0urlands. \u00cd sparna\u00f0arskyni var m\u00e1l\u00feingi\u00f0 haldi\u00f0 \u00ed gegnum fjarfundarb\u00fana\u00f0 og s\u00f3ttu 14 h\u00e9ra\u00f0sskjalaver\u00f0ir \u00feingi\u00f0 auk annarra starfsmanna h\u00e9ra\u00f0sskjalasafnanna.<\/p>\n<div>\u00a0<a href=\"http:\/\/wp1.edge.is\/wp-content\/uploads\/2015\/01\/felag_heradsskj_malthing_2010_6_9.jpg\"><img loading=\"lazy\" decoding=\"async\" class=\"alignnone wp-image-526\" src=\"http:\/\/wp1.edge.is\/wp-content\/uploads\/2015\/01\/felag_heradsskj_malthing_2010_6_9.jpg\" alt=\"felag_heradsskj_malthing_2010_6_9\" width=\"500\" height=\"333\" \/><\/a><\/div>\n<div>\n<p><em>H\u00e9ra\u00f0sskjalaver\u00f0ir fr\u00e1 s\u00f6fnunum \u00ed Mosfellsb\u00e6, K\u00f3pavogi Egilsst\u00f6\u00f0um, Reykjav\u00edk og \u00c1rness\u00fdslu \u00e1samt nokkrum starfsm\u00f6nnum.<\/em><\/p>\n<p>Miklar breytingar hafa or\u00f0i\u00f0 \u00e1 skjalamyndun leik- og grunnsk\u00f3la \u00e1 s\u00ed\u00f0ustu \u00e1rum og ger\u00f0ar eru auknar kr\u00f6fur um skjalav\u00f6rslu \u00ed kj\u00f6lfar n\u00fdrra laga og regluger\u00f0a. Einnig eru uppl\u00fdsingar \u00ed vaxandi m\u00e6li \u00e1 rafr\u00e6nu formi \u00e1n \u00feess a\u00f0 langt\u00edmavar\u00f0veisla \u00feeirra hafi veri\u00f0 trygg\u00f0. \u00cd sk\u00f3lunum ver\u00f0ur til miki\u00f0 af uppl\u00fdsingum sem hafa varanlegt gildi fyrir nemendur og br\u00fdnt a\u00f0 \u00fe\u00e6r fari ekki forg\u00f6r\u00f0um.<\/p>\n<p>H\u00e9ra\u00f0sskjalaver\u00f0ir hafa unni\u00f0 a\u00f0 undirb\u00faningi verklagsreglna og vi\u00f0mi\u00f0a um skjalav\u00f6rslu sk\u00f3lanna me\u00f0 \u00fea\u00f0 fyrir augum a\u00f0 au\u00f0velda sk\u00f3lastj\u00f3rum og kennurum a\u00f0 sinna skjalahaldi me\u00f0 s\u00f3ma, \u00e1n \u00feess a\u00f0 \u00ed\u00feyngja \u00feeim me\u00f0 of fl\u00f3knum og or\u00f0m\u00f6rgum fyrirm\u00e6lum.<\/p>\n<p>Borgarskjalasafn er lengst komi\u00f0 \u00ed \u00feessari vinnu og munu \u00f6nnur h\u00e9ra\u00f0sskjalas\u00f6fn hafa gagn af \u00fev\u00ed.<\/p>\n<p>\u00c1 m\u00e1l\u00feinginu voru haldnar frams\u00f6gur um efni\u00f0 og l\u00edflegar umr\u00e6\u00f0ur sk\u00f6pu\u00f0ust. Gert er r\u00e1\u00f0 fyrir a\u00f0 m\u00e1l\u00feinginu ver\u00f0i fylgt eftir \u00ed haust me\u00f0 fr\u00e6\u00f0slufundi me\u00f0 sk\u00f3layfirv\u00f6ldum sveitarf\u00e9laganna og mun s\u00e1 fundur einnig fara fram um fjarfundarb\u00fana\u00f0.<\/p>\n<p>F\u00e9lag h\u00e9ra\u00f0sskjalavar\u00f0a var stofna\u00f0 \u00ed mars \u00e1 s\u00ed\u00f0astli\u00f0nu \u00e1ri me\u00f0 \u00fea\u00f0 fyrir\u00a0 augum a\u00f0 efla fr\u00e6\u00f0slu og samstarf um skjalav\u00f6rslu. Stj\u00f3rn og f\u00e9lagsmenn halda reglulega s\u00edmafundi og hafa beitt s\u00e9r fyrir s\u00f6fnun skjala kvenf\u00e9laga \u00ed samstarfi vi\u00f0 Kvenf\u00e9lagasamband \u00cdslands og skjala s\u00f3knarnefnda \u00ed samstarfi vi\u00f0 biskup \u00cdslands.<\/p>\n<\/div>\n<div><\/div>\n","protected":false},"excerpt":{"rendered":"<p>\u00cd tilefni af Al\u00fej\u00f3\u00f0lega skjaladeginum 9. j\u00fan\u00ed 2010 st\u00f3\u00f0 F\u00e9lag h\u00e9ra\u00f0sskjalavar\u00f0a fyrir m\u00e1l\u00feingi um skjalav\u00f6rslu leik- og grunnsk\u00f3la. M\u00e1l\u00feingi\u00f0 var haldi\u00f0 \u00e1 Selfossi \u00ed h\u00fasakynnum H\u00e1sk\u00f3laf\u00e9lags Su\u00f0urlands. \u00cd sparna\u00f0arskyni var m\u00e1l\u00feingi\u00f0 haldi\u00f0 \u00ed gegnum fjarfundarb\u00fana\u00f0 og s\u00f3ttu 14 h\u00e9ra\u00f0sskjalaver\u00f0ir \u00feingi\u00f0<\/p>\n","protected":false},"author":2,"featured_media":0,"comment_status":"closed","ping_status":"closed","sticky":false,"template":"","format":"standard","meta":{"footnotes":""},"categories":[5],"tags":[],"class_list":["post-218","post","type-post","status-publish","format-standard","hentry","category-frettir"],"_links":{"self":[{"href":"https:\/\/heradsskjalasafn.is\/index.php?rest_route=\/wp\/v2\/posts\/218","targetHints":{"allow":["GET"]}}],"collection":[{"href":"https:\/\/heradsskjalasafn.is\/index.php?rest_route=\/wp\/v2\/posts"}],"about":[{"href":"https:\/\/heradsskjalasafn.is\/index.php?rest_route=\/wp\/v2\/types\/post"}],"author":[{"embeddable":true,"href":"https:\/\/heradsskjalasafn.is\/index.php?rest_route=\/wp\/v2\/users\/2"}],"replies":[{"embeddable":true,"href":"https:\/\/heradsskjalasafn.is\/index.php?rest_route=%2Fwp%2Fv2%2Fcomments&post=218"}],"version-history":[{"count":3,"href":"https:\/\/heradsskjalasafn.is\/index.php?rest_route=\/wp\/v2\/posts\/218\/revisions"}],"predecessor-version":[{"id":221,"href":"https:\/\/heradsskjalasafn.is\/index.php?rest_route=\/wp\/v2\/posts\/218\/revisions\/221"}],"wp:attachment":[{"href":"https:\/\/heradsskjalasafn.is\/index.php?rest_route=%2Fwp%2Fv2%2Fmedia&parent=218"}],"wp:term":[{"taxonomy":"category","embeddable":true,"href":"https:\/\/heradsskjalasafn.is\/index.php?rest_route=%2Fwp%2Fv2%2Fcategories&post=218"},{"taxonomy":"post_tag","embeddable":true,"href":"https:\/\/heradsskjalasafn.is\/index.php?rest_route=%2Fwp%2Fv2%2Ftags&post=218"}],"curies":[{"name":"wp","href":"https:\/\/api.w.org\/{rel}","templated":true}]}}