{"id":216,"date":"2010-06-08T10:34:40","date_gmt":"2010-06-08T10:34:40","guid":{"rendered":"http:\/\/wp2.edge.is\/?p=216"},"modified":"2016-11-04T10:34:56","modified_gmt":"2016-11-04T10:34:56","slug":"althjodlegi-skjaladagurinn-9-juni-2010","status":"publish","type":"post","link":"https:\/\/heradsskjalasafn.is\/?p=216","title":{"rendered":"Al\u00fej\u00f3\u00f0legi skjaladagurinn 9. j\u00fan\u00ed 2010"},"content":{"rendered":"<p align=\"justify\"><a href=\"http:\/\/wp1.edge.is\/wp-content\/uploads\/2015\/01\/merki_125-125.png\"><img loading=\"lazy\" decoding=\"async\" class=\"alignnone size-full wp-image-523\" src=\"http:\/\/wp1.edge.is\/wp-content\/uploads\/2015\/01\/merki_125-125.png\" alt=\"merki_125-125\" width=\"125\" height=\"125\" \/><\/a><\/p>\n<p align=\"justify\">F\u00e9lag h\u00e9ra\u00f0sskjalavar\u00f0a stendur fyrir m\u00e1l\u00feingi \u00a0fyrir h\u00e9ra\u00f0sskjalaver\u00f0i um skjalav\u00f6rslu leiksk\u00f3la og grunnsk\u00f3la \u00ed tilefni Al\u00fej\u00f3\u00f0lega skjaladagsins 9. j\u00fan\u00ed 2010. Fjalla\u00f0 ver\u00f0ur um skjalavistunar\u00e1\u00e6tlanir og br\u00e9falykla fyrir leiksk\u00f3la og grunnsk\u00f3la og velt upp spurningum um v\u00f6rsluvanda \u00e1 \u00fev\u00ed sem mynda\u00f0 er inn \u00ed t\u00f6lvukerfi\u00f0 Mentor og hugmyndum a\u00f0 lausnum \u00e1 honum. H\u00e9r ver\u00f0ur sk\u00fdrt n\u00e1nar fr\u00e1 m\u00e1l\u00feinginu a\u00f0 \u00fev\u00ed loknu.<\/p>\n<p>Sj\u00e1 einnig: <a href=\"http:\/\/www.ica.org\/1561\/international-archives-day\/celebrate-the-international-archives-day.html\" target=\"_blank\">Almennt um Al\u00fej\u00f3\u00f0lega skjaladaginn<\/a> og s\u00e9rstaklega: <a href=\"http:\/\/www.wien2004.ica.org\/en\/2010\/06\/07\/archivists-around-world-celebrate-international-archives-day-june-9-2010\" target=\"_blank\">Um Al\u00fej\u00f3\u00f0lega skjaladaginn 2010<br \/>\n<\/a><\/p>\n<p align=\"right\">H.S.<\/p>\n","protected":false},"excerpt":{"rendered":"<p>F\u00e9lag h\u00e9ra\u00f0sskjalavar\u00f0a stendur fyrir m\u00e1l\u00feingi \u00a0fyrir h\u00e9ra\u00f0sskjalaver\u00f0i um skjalav\u00f6rslu leiksk\u00f3la og grunnsk\u00f3la \u00ed tilefni Al\u00fej\u00f3\u00f0lega skjaladagsins 9. j\u00fan\u00ed 2010. Fjalla\u00f0 ver\u00f0ur um skjalavistunar\u00e1\u00e6tlanir og br\u00e9falykla fyrir leiksk\u00f3la og grunnsk\u00f3la og velt upp spurningum um v\u00f6rsluvanda \u00e1 \u00fev\u00ed sem mynda\u00f0 er<\/p>\n","protected":false},"author":2,"featured_media":0,"comment_status":"closed","ping_status":"closed","sticky":false,"template":"","format":"standard","meta":{"footnotes":""},"categories":[5],"tags":[],"class_list":["post-216","post","type-post","status-publish","format-standard","hentry","category-frettir"],"_links":{"self":[{"href":"https:\/\/heradsskjalasafn.is\/index.php?rest_route=\/wp\/v2\/posts\/216","targetHints":{"allow":["GET"]}}],"collection":[{"href":"https:\/\/heradsskjalasafn.is\/index.php?rest_route=\/wp\/v2\/posts"}],"about":[{"href":"https:\/\/heradsskjalasafn.is\/index.php?rest_route=\/wp\/v2\/types\/post"}],"author":[{"embeddable":true,"href":"https:\/\/heradsskjalasafn.is\/index.php?rest_route=\/wp\/v2\/users\/2"}],"replies":[{"embeddable":true,"href":"https:\/\/heradsskjalasafn.is\/index.php?rest_route=%2Fwp%2Fv2%2Fcomments&post=216"}],"version-history":[{"count":1,"href":"https:\/\/heradsskjalasafn.is\/index.php?rest_route=\/wp\/v2\/posts\/216\/revisions"}],"predecessor-version":[{"id":217,"href":"https:\/\/heradsskjalasafn.is\/index.php?rest_route=\/wp\/v2\/posts\/216\/revisions\/217"}],"wp:attachment":[{"href":"https:\/\/heradsskjalasafn.is\/index.php?rest_route=%2Fwp%2Fv2%2Fmedia&parent=216"}],"wp:term":[{"taxonomy":"category","embeddable":true,"href":"https:\/\/heradsskjalasafn.is\/index.php?rest_route=%2Fwp%2Fv2%2Fcategories&post=216"},{"taxonomy":"post_tag","embeddable":true,"href":"https:\/\/heradsskjalasafn.is\/index.php?rest_route=%2Fwp%2Fv2%2Ftags&post=216"}],"curies":[{"name":"wp","href":"https:\/\/api.w.org\/{rel}","templated":true}]}}