{"id":214,"date":"2010-06-04T10:34:03","date_gmt":"2010-06-04T10:34:03","guid":{"rendered":"http:\/\/wp2.edge.is\/?p=214"},"modified":"2016-11-04T10:34:23","modified_gmt":"2016-11-04T10:34:23","slug":"ljosmyndasyning-soguseturs-islenska-hestsins-og-heradsskjalasafns-skagfirdinga","status":"publish","type":"post","link":"https:\/\/heradsskjalasafn.is\/?p=214","title":{"rendered":"Lj\u00f3smyndas\u00fdning S\u00f6guseturs \u00edslenska hestsins og H\u00e9ra\u00f0sskjalasafns Skagfir\u00f0inga"},"content":{"rendered":"<p><a href=\"http:\/\/wp1.edge.is\/wp-content\/uploads\/2015\/01\/her_skag_hestar.jpg\"><img loading=\"lazy\" decoding=\"async\" class=\"alignnone size-full wp-image-520\" src=\"http:\/\/wp1.edge.is\/wp-content\/uploads\/2015\/01\/her_skag_hestar.jpg\" alt=\"her_skag_hestar\" width=\"270\" height=\"400\" \/><\/a><\/p>\n<p>Lj\u00f3smyndas\u00fdning S\u00f6guseturs \u00edslenska hestsins og H\u00e9ra\u00f0sskjalasafns Skagfir\u00f0inga ver\u00f0ur opnu\u00f0 \u00e1 H\u00f3tel Varmahl\u00ed\u00f0, sunnudaginn 6 j\u00fan\u00ed kl. 16:00. \u00c1 s\u00fdningunni sem ber heiti\u00f0 Hestar og menn er s\u00fdnt \u00farval g\u00f6mlum lj\u00f3smyndum, sem s\u00fdna tengsl hestsins vi\u00f0 mannl\u00edfi\u00f0 \u00e1 19. og 20. \u00f6ld.<\/p>\n<p>Allir eru velkomnir \u00e1 opnunina \u00fear sem veittar ver\u00f0a l\u00e9ttar veitingar.<\/p>\n<p>UI<\/p>\n","protected":false},"excerpt":{"rendered":"<p>Lj\u00f3smyndas\u00fdning S\u00f6guseturs \u00edslenska hestsins og H\u00e9ra\u00f0sskjalasafns Skagfir\u00f0inga ver\u00f0ur opnu\u00f0 \u00e1 H\u00f3tel Varmahl\u00ed\u00f0, sunnudaginn 6 j\u00fan\u00ed kl. 16:00. \u00c1 s\u00fdningunni sem ber heiti\u00f0 Hestar og menn er s\u00fdnt \u00farval g\u00f6mlum lj\u00f3smyndum, sem s\u00fdna tengsl hestsins vi\u00f0 mannl\u00edfi\u00f0 \u00e1 19. og 20.<\/p>\n","protected":false},"author":2,"featured_media":0,"comment_status":"closed","ping_status":"closed","sticky":false,"template":"","format":"standard","meta":{"footnotes":""},"categories":[5],"tags":[],"class_list":["post-214","post","type-post","status-publish","format-standard","hentry","category-frettir"],"_links":{"self":[{"href":"https:\/\/heradsskjalasafn.is\/index.php?rest_route=\/wp\/v2\/posts\/214","targetHints":{"allow":["GET"]}}],"collection":[{"href":"https:\/\/heradsskjalasafn.is\/index.php?rest_route=\/wp\/v2\/posts"}],"about":[{"href":"https:\/\/heradsskjalasafn.is\/index.php?rest_route=\/wp\/v2\/types\/post"}],"author":[{"embeddable":true,"href":"https:\/\/heradsskjalasafn.is\/index.php?rest_route=\/wp\/v2\/users\/2"}],"replies":[{"embeddable":true,"href":"https:\/\/heradsskjalasafn.is\/index.php?rest_route=%2Fwp%2Fv2%2Fcomments&post=214"}],"version-history":[{"count":1,"href":"https:\/\/heradsskjalasafn.is\/index.php?rest_route=\/wp\/v2\/posts\/214\/revisions"}],"predecessor-version":[{"id":215,"href":"https:\/\/heradsskjalasafn.is\/index.php?rest_route=\/wp\/v2\/posts\/214\/revisions\/215"}],"wp:attachment":[{"href":"https:\/\/heradsskjalasafn.is\/index.php?rest_route=%2Fwp%2Fv2%2Fmedia&parent=214"}],"wp:term":[{"taxonomy":"category","embeddable":true,"href":"https:\/\/heradsskjalasafn.is\/index.php?rest_route=%2Fwp%2Fv2%2Fcategories&post=214"},{"taxonomy":"post_tag","embeddable":true,"href":"https:\/\/heradsskjalasafn.is\/index.php?rest_route=%2Fwp%2Fv2%2Ftags&post=214"}],"curies":[{"name":"wp","href":"https:\/\/api.w.org\/{rel}","templated":true}]}}