{"id":212,"date":"2010-05-20T10:33:24","date_gmt":"2010-05-20T10:33:24","guid":{"rendered":"http:\/\/wp2.edge.is\/?p=212"},"modified":"2016-11-04T10:33:42","modified_gmt":"2016-11-04T10:33:42","slug":"soknarnefndarataki-midar-agaetlega","status":"publish","type":"post","link":"https:\/\/heradsskjalasafn.is\/?p=212","title":{"rendered":"S\u00f3knarnefndar\u00e1taki mi\u00f0ar \u00e1g\u00e6tlega"},"content":{"rendered":"<p>\u00c1tak um s\u00f6fnun skjala s\u00f3knarnefnda h\u00f3fst me\u00f0 bla\u00f0amannafundi Biskups \u00cdslands og F\u00e9lags h\u00e9ra\u00f0sskjalavar\u00f0a \u00e1 D\u00f3mkirkjuloftinu \u00ed byrjun febr\u00faar \u00e1 \u00feessu \u00e1ri. \u00cd kj\u00f6lfari\u00f0 h\u00f6f\u00f0u b\u00e6\u00f0i Biskup og h\u00e9ra\u00f0sskjalaver\u00f0ir samband vi\u00f0 formenn s\u00f3knarnefnda \u00fear sem \u00feeir voru hvattir til a\u00f0 skila s\u00f3knarnefndaskj\u00f6lum \u00e1 n\u00e6sta h\u00e9ra\u00f0sskjalasafn. \u00de\u00e1 voru fyrrverandi s\u00f3knarnefndarmenn einnig hvattir til a\u00f0 afhenda skj\u00f6l sem \u00feeir kynnu a\u00f0 hafa \u00ed s\u00ednum f\u00f3rum.<\/p>\n<p>\u00d3h\u00e6tt er a\u00f0 segja a\u00f0 verkefni\u00f0 gangi vel. Fj\u00f6ldi s\u00f3knarnefndarmanna hafa haft samband vi\u00f0 h\u00e9ra\u00f0sskjalas\u00f6fnin og fengi\u00f0 r\u00e1\u00f0gj\u00f6f um skjalav\u00f6rslu s\u00f3knarnefnda og um allt land eru s\u00f3knarnefndir a\u00f0 ganga fr\u00e1 skjalas\u00f6fnum s\u00ednum til afhendingar.<\/p>\n<p>\u00deessar s\u00f3knarnefndir hafa afhent skj\u00f6l s\u00edna \u00e1 h\u00e9ra\u00f0sskjalas\u00f6fnin \u00ed tengslum vi\u00f0 \u00e1taki\u00f0:<\/p>\n<p>S\u00f3knarnefnd Laugarness\u00f3knar til Borgarskjalasafns Reykjav\u00edkur.<\/p>\n<p>S\u00f3knarnefnd K\u00e1rsness\u00f3knar og s\u00f3knarnefnd K\u00f3pavogss\u00f3knar til H\u00e9ra\u00f0sskjalasafns K\u00f3pavogs.<\/p>\n<p>S\u00f3knarnefnd Borgarness\u00f3knar, S\u00f3knarnefnd Kolbeinssta\u00f0as\u00f3knar, S\u00f3knarnefnd St\u00f3ru-\u00c1ss\u00f3knar og S\u00f3knarnefnd Stafholtss\u00f3knar til H\u00e9ra\u00f0sskjalasafns Borgarfjar\u00f0ar.<\/p>\n<p>S\u00f3knarnefnd \u00deingeyrars\u00f3knar til H\u00e9ra\u00f0sskjalasafns Austur-H\u00fanavatnss\u00fdslu.<\/p>\n<p>S\u00f3knarnefnd Glaumb\u00e6jars\u00f3knar til H\u00e9ra\u00f0sskjalasafns Skagfir\u00f0inga.<\/p>\n<p>S\u00f3knarnefnd Tjarnars\u00f3knar til H\u00e9ra\u00f0sskjalasafns Svarfd\u00e6la.<\/p>\n<p>S\u00f3knarnefnd Gl\u00e6sib\u00e6jars\u00f3knar til H\u00e9ra\u00f0sskjalasafns Akureyrar.<\/p>\n<p>S\u00f3knarnefnd Hjaltasta\u00f0as\u00f3knar, S\u00f3knarnefnd Hofss\u00f3knar \u00ed Vopnafir\u00f0i og S\u00f3knarnefnd \u00deingm\u00falas\u00f3knar til H\u00e9ra\u00f0sskjalasafns Austfir\u00f0inga.<\/p>\n<p>S\u00f3knarnefnd Hjallas\u00f3knar, S\u00f3knarnefnd Hrepph\u00f3lakirkju, S\u00f3knarnefnd Haukadalss\u00f3knar, S\u00f3knarnefnd Mi\u00f0dalskirkju, S\u00f3knarnefnd Eyrarbakkas\u00f3knar, S\u00f3knarnefnd Stokkseyrar og S\u00f3knarnefnd \u00deorl\u00e1ks og Hjallas\u00f3knar til H\u00e9ra\u00f0sskjalasafns \u00c1rnesinga.<\/p>\n<p>Alls eru \u00feetta 19 s\u00f3knarnefndir. H\u00e9r eru \u00f3taldar eldri afhendingar s\u00f3knarnefnda til h\u00e9ra\u00f0sskjalasafna en \u00e1 haustm\u00e1nu\u00f0um er v\u00e6ntanleg \u00fatgefin yfirlitsskr\u00e1 F\u00e9lags h\u00e9ra\u00f0sskjalavar\u00f0a yfir skj\u00f6l s\u00f3knarnefnda, l\u00edk \u00feeirri yfirlitsskr\u00e1 er kom \u00fat vi\u00f0 lok fyrra \u00e1taks\u00a0 f\u00e9lagsins um skj\u00f6l kvenf\u00e9laga. Sj\u00e1: <a href=\"http:\/\/www.heradsskjalasafn.is\/images\/stories\/kvenfelagaskjalasofn_2009_13_01_10.pdf\" target=\"_blank\"><em>Sk\u00fdrslur F\u00e9lags h\u00e9ra\u00f0sskjalavar\u00f0a \u00e1 \u00cdslandi I. Skjalas\u00f6fn kvenf\u00e9laga og f\u00e9laga kvenna \u00ed h\u00e9ra\u00f0sskjalas\u00f6fnum \u00e1 \u00cdslandi.<\/em>MMIX.<\/a><\/p>\n<p>\u00deTM<\/p>\n","protected":false},"excerpt":{"rendered":"<p>\u00c1tak um s\u00f6fnun skjala s\u00f3knarnefnda h\u00f3fst me\u00f0 bla\u00f0amannafundi Biskups \u00cdslands og F\u00e9lags h\u00e9ra\u00f0sskjalavar\u00f0a \u00e1 D\u00f3mkirkjuloftinu \u00ed byrjun febr\u00faar \u00e1 \u00feessu \u00e1ri. \u00cd kj\u00f6lfari\u00f0 h\u00f6f\u00f0u b\u00e6\u00f0i Biskup og h\u00e9ra\u00f0sskjalaver\u00f0ir samband vi\u00f0 formenn s\u00f3knarnefnda \u00fear sem \u00feeir voru hvattir til a\u00f0 skila<\/p>\n","protected":false},"author":2,"featured_media":0,"comment_status":"closed","ping_status":"closed","sticky":false,"template":"","format":"standard","meta":{"footnotes":""},"categories":[5],"tags":[],"class_list":["post-212","post","type-post","status-publish","format-standard","hentry","category-frettir"],"_links":{"self":[{"href":"https:\/\/heradsskjalasafn.is\/index.php?rest_route=\/wp\/v2\/posts\/212","targetHints":{"allow":["GET"]}}],"collection":[{"href":"https:\/\/heradsskjalasafn.is\/index.php?rest_route=\/wp\/v2\/posts"}],"about":[{"href":"https:\/\/heradsskjalasafn.is\/index.php?rest_route=\/wp\/v2\/types\/post"}],"author":[{"embeddable":true,"href":"https:\/\/heradsskjalasafn.is\/index.php?rest_route=\/wp\/v2\/users\/2"}],"replies":[{"embeddable":true,"href":"https:\/\/heradsskjalasafn.is\/index.php?rest_route=%2Fwp%2Fv2%2Fcomments&post=212"}],"version-history":[{"count":1,"href":"https:\/\/heradsskjalasafn.is\/index.php?rest_route=\/wp\/v2\/posts\/212\/revisions"}],"predecessor-version":[{"id":213,"href":"https:\/\/heradsskjalasafn.is\/index.php?rest_route=\/wp\/v2\/posts\/212\/revisions\/213"}],"wp:attachment":[{"href":"https:\/\/heradsskjalasafn.is\/index.php?rest_route=%2Fwp%2Fv2%2Fmedia&parent=212"}],"wp:term":[{"taxonomy":"category","embeddable":true,"href":"https:\/\/heradsskjalasafn.is\/index.php?rest_route=%2Fwp%2Fv2%2Fcategories&post=212"},{"taxonomy":"post_tag","embeddable":true,"href":"https:\/\/heradsskjalasafn.is\/index.php?rest_route=%2Fwp%2Fv2%2Ftags&post=212"}],"curies":[{"name":"wp","href":"https:\/\/api.w.org\/{rel}","templated":true}]}}