{"id":210,"date":"2010-05-12T10:32:45","date_gmt":"2010-05-12T10:32:45","guid":{"rendered":"http:\/\/wp2.edge.is\/?p=210"},"modified":"2016-11-04T10:33:04","modified_gmt":"2016-11-04T10:33:04","slug":"myndbrot-a-vori-i-arborg","status":"publish","type":"post","link":"https:\/\/heradsskjalasafn.is\/?p=210","title":{"rendered":"Myndbrot \u00e1 Vori \u00ed \u00c1rborg"},"content":{"rendered":"<p>Myndbrot, lj\u00f3smyndas\u00fdning H\u00e9ra\u00f0sskjalasafns \u00c1rnesinga og Kaffi Kr\u00fasar ver\u00f0ur \u00ed Kaffi Kr\u00fas \u00e1 Vori \u00ed \u00c1rborg. \u00c1 lj\u00f3smyndas\u00fdningunni getur m.a. a\u00f0 l\u00edta myndir T\u00f3masar J\u00f3nssonar, G\u00edsla Bjarnasonar og annarra en myndirnar tengjast l\u00edfi og starfi f\u00f3lks \u00e1 Eyrarbakka, Stokkseyri, Sandv\u00edkurhreppi og \u00e1 Selfossi, \u00fe.e. sveitarf\u00e9l\u00f6gin sem n\u00fa eru \u00c1rborg.<\/p>\n<p><a href=\"http:\/\/wp1.edge.is\/wp-content\/uploads\/2015\/01\/her_arn_vor_i_arborg.jpg\"><img loading=\"lazy\" decoding=\"async\" class=\"alignnone size-full wp-image-515\" src=\"http:\/\/wp1.edge.is\/wp-content\/uploads\/2015\/01\/her_arn_vor_i_arborg.jpg\" alt=\"her_arn_vor_i_arborg\" width=\"720\" height=\"472\" \/><\/a><\/p>\n<p><em>H\u00e9r m\u00e1 sj\u00e1 hluta af g\u00f6mlu g\u00f6tumyndinni \u00e1 Selfossi. Malarvegur b\u00e1\u00f0um megin vi\u00f0 br\u00fana og fyrir nor\u00f0an h\u00fas Kaupf\u00e9lags \u00c1rnesinga, n\u00fa R\u00e1\u00f0h\u00fas \u00c1rborgar sj\u00e1st smi\u00f0jurnar en \u00fear reis \u201eR\u00fas\u00ednub\u00fa\u00f0in\u201c svokalla\u00f0a. \u00de\u00e1 er bragginn nor\u00f0an vi\u00f0 Tryggvask\u00e1la farinn auk nokkurra annarra h\u00fas sem sj\u00e1st \u00e1 \u00feessari mynd. \u00cd baks\u00fdn s\u00e9st gosm\u00f6kkurinn fr\u00e1 eldgosinu \u00ed Surtsey. Myndin er tekin 1963 e\u00f0a 1964 og er ein margra merkra mynda \u00ed safni T\u00f3masar J\u00f3nssonar.<\/em><\/p>\n<p>\u00deTM<\/p>\n","protected":false},"excerpt":{"rendered":"<p>Myndbrot, lj\u00f3smyndas\u00fdning H\u00e9ra\u00f0sskjalasafns \u00c1rnesinga og Kaffi Kr\u00fasar ver\u00f0ur \u00ed Kaffi Kr\u00fas \u00e1 Vori \u00ed \u00c1rborg. \u00c1 lj\u00f3smyndas\u00fdningunni getur m.a. a\u00f0 l\u00edta myndir T\u00f3masar J\u00f3nssonar, G\u00edsla Bjarnasonar og annarra en myndirnar tengjast l\u00edfi og starfi f\u00f3lks \u00e1 Eyrarbakka, Stokkseyri, Sandv\u00edkurhreppi og<\/p>\n","protected":false},"author":2,"featured_media":0,"comment_status":"closed","ping_status":"closed","sticky":false,"template":"","format":"standard","meta":{"footnotes":""},"categories":[5],"tags":[],"class_list":["post-210","post","type-post","status-publish","format-standard","hentry","category-frettir"],"_links":{"self":[{"href":"https:\/\/heradsskjalasafn.is\/index.php?rest_route=\/wp\/v2\/posts\/210","targetHints":{"allow":["GET"]}}],"collection":[{"href":"https:\/\/heradsskjalasafn.is\/index.php?rest_route=\/wp\/v2\/posts"}],"about":[{"href":"https:\/\/heradsskjalasafn.is\/index.php?rest_route=\/wp\/v2\/types\/post"}],"author":[{"embeddable":true,"href":"https:\/\/heradsskjalasafn.is\/index.php?rest_route=\/wp\/v2\/users\/2"}],"replies":[{"embeddable":true,"href":"https:\/\/heradsskjalasafn.is\/index.php?rest_route=%2Fwp%2Fv2%2Fcomments&post=210"}],"version-history":[{"count":1,"href":"https:\/\/heradsskjalasafn.is\/index.php?rest_route=\/wp\/v2\/posts\/210\/revisions"}],"predecessor-version":[{"id":211,"href":"https:\/\/heradsskjalasafn.is\/index.php?rest_route=\/wp\/v2\/posts\/210\/revisions\/211"}],"wp:attachment":[{"href":"https:\/\/heradsskjalasafn.is\/index.php?rest_route=%2Fwp%2Fv2%2Fmedia&parent=210"}],"wp:term":[{"taxonomy":"category","embeddable":true,"href":"https:\/\/heradsskjalasafn.is\/index.php?rest_route=%2Fwp%2Fv2%2Fcategories&post=210"},{"taxonomy":"post_tag","embeddable":true,"href":"https:\/\/heradsskjalasafn.is\/index.php?rest_route=%2Fwp%2Fv2%2Ftags&post=210"}],"curies":[{"name":"wp","href":"https:\/\/api.w.org\/{rel}","templated":true}]}}