{"id":208,"date":"2010-05-07T10:32:18","date_gmt":"2010-05-07T10:32:18","guid":{"rendered":"http:\/\/wp2.edge.is\/?p=208"},"modified":"2016-11-04T10:32:32","modified_gmt":"2016-11-04T10:32:32","slug":"kosningar-i-kopavogi","status":"publish","type":"post","link":"https:\/\/heradsskjalasafn.is\/?p=208","title":{"rendered":"Kosningar \u00ed K\u00f3pavogi"},"content":{"rendered":"<p>K\u00f3pavogsdagar eru haldnir \u00e1rlega \u00ed tilefni af afm\u00e6li kaupsta\u00f0arr\u00e9ttinda K\u00f3pavogsb\u00e6jar er hann hlaut 11. ma\u00ed 1955. \u00c1 K\u00f3pavogsd\u00f6gum 2010 heldur H\u00e9ra\u00f0sskjalasafn K\u00f3pavogs s\u00fdningu 10.-14. ma\u00ed um kosningar \u00ed K\u00f3pavogi. S\u00fdningin opnar m\u00e1nudaginn 10. ma\u00ed kl. 10 \u00e1rdegis og l\u00fdkur s\u00ed\u00f0degis f\u00f6studaginn 14. ma\u00ed kl. 16. H\u00fan ver\u00f0ur opin alla vikuna kl. 10 \u2013 16. A\u00f0gangur er endurgjaldslaus og \u00f6llum heimill.<\/p>\n<p>H\u00f6r\u00f0 \u00e1t\u00f6k einkenndu lengi stj\u00f3rnm\u00e1l \u00ed K\u00f3pavogi, svo mj\u00f6g a\u00f0 um t\u00edma var tala\u00f0 um K\u00f3pavog sem Litlu-Palest\u00ednu.<\/p>\n<p>K\u00f3pavogshreppur var upphaflega stofna\u00f0ur \u00fat \u00far Seltjarnarneshreppi fyrir tilstilli <a href=\"http:\/\/www.skjaladagur.is\/2008\/101-1-1.html\" target=\"_blank\">Framfaraf\u00e9lagsins K\u00f3pavogs<\/a> en \u00ed 5. grein f\u00e9lagslaga \u00feess segir: \u201eF\u00e9lagi\u00f0 l\u00e6tur stj\u00f3rnm\u00e1l afskiptalaus, og er \u00f3heimilt a\u00f0 r\u00e6\u00f0a \u00feau \u00e1 fundum f\u00e9lagsins.\u201c\u00a0 \u00cd \u00feessu er f\u00f3lgin nokkur and\u00fa\u00f0 \u00e1\u00a0 \u201estj\u00f3rnm\u00e1lum\u201c og or\u00f0i\u00f0 ber \u00fearna merkingu sem e.t.v. er umhugsunarver\u00f0.<\/p>\n<p>Framfaraf\u00e9lagi\u00f0 K\u00f3pavogur f\u00e9kk hreinan meirihluta \u00ed hreppsnefndarkosningum \u00ed Seltjarnarneshreppi 1946 og leiddi \u00fea\u00f0 til skiptingar hreppsins \u00ed K\u00f3pavogshrepp og Seltjarnarneshrepp \u00e1ri\u00f0 1948.<\/p>\n<p>Landsm\u00e1lastj\u00f3rnm\u00e1lin rufu \u00fe\u00e1 samst\u00f6\u00f0u er skapa\u00f0ist um Framfaraf\u00e9lagi\u00f0 \u00ed upphafi \u00ed K\u00f3pavogi og settu stj\u00f3rnm\u00e1la\u00fer\u00f3un \u00ed K\u00f3pavogi \u00ed \u00e1\u00feekkan farveg og annarssta\u00f0ar \u00e1 landinu. Al\u00fe\u00fd\u00f0uflokks- og Sj\u00e1lfst\u00e6\u00f0isflokksmenn st\u00f3\u00f0u a\u00f0 frambo\u00f0i gegn Framfaraf\u00e9laginu \u00ed K\u00f3pavogi \u00e1ri\u00f0 1948 vi\u00f0 stofnun K\u00f3pavogshrepps \u2013 en f\u00e9lagi\u00f0 studdu \u00fe\u00f3 \u00fdmsir Sj\u00e1lfst\u00e6\u00f0isflokksmenn \u00e1fram, Sj\u00e1lfst\u00e6\u00f0isflokkurinn bau\u00f0 s\u00e9rstaklega fram \u00ed\u00a0 hreppsnefndarkosningunum 1950 og Frams\u00f3knarflokkurinn 1954. \u00de\u00e1 bu\u00f0u allir flokkar landsm\u00e1lastj\u00f3rnm\u00e1la fram \u00ed K\u00f3pavogi nema S\u00f3s\u00edalistaflokkurinn.<\/p>\n<p>\u00dea\u00f0 sem eftir st\u00f3\u00f0 af Framfaraf\u00e9laginu var F\u00e9lag \u00f3h\u00e1\u00f0ra kj\u00f3senda, stu\u00f0ningsmanna meirihluta fr\u00e1farandi hreppsnefndar. Andst\u00e6\u00f0ingar \u00d3h\u00e1\u00f0ra kj\u00f3senda uppnefndu \u00fe\u00e1 komm\u00fanista og reyndu me\u00f0 \u00fev\u00ed, a\u00f0 hluta til \u00ed \u00e1r\u00f3\u00f0ursskyni, a\u00f0 fella b\u00e6jarstj\u00f3rnm\u00e1lin a\u00f0 landsm\u00e1lastj\u00f3rnm\u00e1lunum. \u00d3h\u00e1\u00f0ir kj\u00f3sendur h\u00e9ldu hreinum meirihluta \u00ed K\u00f3pavogi fr\u00e1 kosningunum 1954 til \u00e1rsins 1962. \u00d3h\u00e1\u00f0ir kj\u00f3sendur bu\u00f0u fram til b\u00e6jarstj\u00f3rnar K\u00f3pavogs allt til \u00e1rsins 1970. Eftir \u00f3sigur \u00feeirra \u00ed \u00feeim kosningum kom fram Al\u00fe\u00fd\u00f0ubandalagi\u00f0 \u00ed K\u00f3pavogi og var \u00fe\u00e1 form landsm\u00e1lastj\u00f3rnm\u00e1lanna or\u00f0i\u00f0 allsr\u00e1\u00f0andi \u00ed K\u00f3pavogi.<span id=\"more-1032\"><\/span><\/p>\n<p>\u00c1ri\u00f0 1970 var haldi\u00f0 sameiginlegt pr\u00f3fkj\u00f6r allra stj\u00f3rnm\u00e1laflokka, a\u00f0fer\u00f0 sem m\u00e1 telja a\u00f0 nokkru \u00ed anda samst\u00f6\u00f0u hins gamla Framfaraf\u00e9lags og kynni a\u00f0 fela \u00ed s\u00e9r hugmynd a\u00f0 n\u00fdsk\u00f6pun stj\u00f3rnm\u00e1lastarfs \u00e1 okkar t\u00edmum. Var reynslan af \u00feessu g\u00f3\u00f0 og \u00feetta endurteki\u00f0 \u00ed K\u00f3pavogi nokkrum \u00e1rum s\u00ed\u00f0ar.<\/p>\n<p>\u00dej\u00f3\u00f0varnarflokkur \u00cdslands,\u00a0 sem stofna\u00f0ur var \u00e1ri\u00f0 1953 og var einkum \u00ed landsm\u00e1lastj\u00f3rnm\u00e1lum (nema \u00ed Reykjav\u00edk og \u00e1 Akureyri), \u00e1tti sterkar r\u00e6tur \u00ed K\u00f3pavogi \u00fe\u00f3tt ekki hafi or\u00f0i\u00f0 af \u00fev\u00ed a\u00f0 hann by\u00f0i fram til b\u00e6jarstj\u00f3rnar \u00fear. Margir stofnenda hans t\u00f3ku virkan \u00fe\u00e1tt \u00ed b\u00e6jarstj\u00f3rnm\u00e1lum K\u00f3pavogs \u00ed \u00fdmsum flokkum.<\/p>\n<p>Kvennastj\u00f3rnm\u00e1l ur\u00f0u snemma mikilv\u00e6g \u00ed K\u00f3pavogi, Hulda Jakobsd\u00f3ttir var\u00f0 \u00fear fyrst kvenna \u00edslenskur b\u00e6jarstj\u00f3ri \u00e1ri\u00f0 1957. Kosi\u00f0 var \u00ed K\u00f3pavogi um kvennaframbo\u00f0 (\u00ed Al\u00feingiskosningum) og <a href=\"http:\/\/www.skjaladagur.is\/101-02.html\" target=\"_blank\">kvennalista \u00ed b\u00e6jarstj\u00f3rnarkosningum<\/a>.<\/p>\n<p>S\u00e9rsta\u00f0a stj\u00f3rnm\u00e1la \u00ed K\u00f3pavogi er nokkur og \u00feau hafa haft nokkur \u00e1hrif \u00e1 \u00edslensk stj\u00f3rnm\u00e1l almennt.<br \/>\n\u00c1 s\u00fdningunni ver\u00f0ur reynt a\u00f0 gefa yfirlit um kosningar og stj\u00f3rnm\u00e1l \u00ed K\u00f3pavogi me\u00f0 nokkru af \u00fev\u00ed sem var\u00f0veitt er \u00ed H\u00e9ra\u00f0sskjalasafni K\u00f3pavogs, en \u00fear eru mikilv\u00e6gar heimildir um stj\u00f3rnm\u00e1las\u00f6gu K\u00f3pavogs.<\/p>\n<p>B\u00e6\u00f0i er b\u00faist vi\u00f0 og vonast eftir a\u00f0 vi\u00f0 \u00fe\u00e6r heimildir b\u00e6tist \u00fear \u00e1 n\u00e6stunni. Er \u00fea\u00f0 komi\u00f0 undir \u00feeim sem sta\u00f0i\u00f0 hafa \u00ed stj\u00f3rnm\u00e1lastarfi og \u00f6\u00f0rum sem hafa komist yfir skj\u00f6l um \u00fea\u00f0.<\/p>\n<p>\u00d6ruggasta lei\u00f0in til \u00feess a\u00f0 var\u00f0veita vitnisbur\u00f0 um stj\u00f3rnm\u00e1l li\u00f0inna t\u00edma \u00ed sveitarf\u00e9l\u00f6gum er a\u00f0 koma skj\u00f6lum um \u00fea\u00f0 \u00ed v\u00f6rslu vi\u00f0eigandi h\u00e9ra\u00f0sskjalasafns.<\/p>\n<div>\u00a0HS<\/div>\n","protected":false},"excerpt":{"rendered":"<p>K\u00f3pavogsdagar eru haldnir \u00e1rlega \u00ed tilefni af afm\u00e6li kaupsta\u00f0arr\u00e9ttinda K\u00f3pavogsb\u00e6jar er hann hlaut 11. ma\u00ed 1955. \u00c1 K\u00f3pavogsd\u00f6gum 2010 heldur H\u00e9ra\u00f0sskjalasafn K\u00f3pavogs s\u00fdningu 10.-14. ma\u00ed um kosningar \u00ed K\u00f3pavogi. S\u00fdningin opnar m\u00e1nudaginn 10. ma\u00ed kl. 10 \u00e1rdegis og l\u00fdkur s\u00ed\u00f0degis<\/p>\n","protected":false},"author":2,"featured_media":0,"comment_status":"closed","ping_status":"closed","sticky":false,"template":"","format":"standard","meta":{"footnotes":""},"categories":[5],"tags":[],"class_list":["post-208","post","type-post","status-publish","format-standard","hentry","category-frettir"],"_links":{"self":[{"href":"https:\/\/heradsskjalasafn.is\/index.php?rest_route=\/wp\/v2\/posts\/208","targetHints":{"allow":["GET"]}}],"collection":[{"href":"https:\/\/heradsskjalasafn.is\/index.php?rest_route=\/wp\/v2\/posts"}],"about":[{"href":"https:\/\/heradsskjalasafn.is\/index.php?rest_route=\/wp\/v2\/types\/post"}],"author":[{"embeddable":true,"href":"https:\/\/heradsskjalasafn.is\/index.php?rest_route=\/wp\/v2\/users\/2"}],"replies":[{"embeddable":true,"href":"https:\/\/heradsskjalasafn.is\/index.php?rest_route=%2Fwp%2Fv2%2Fcomments&post=208"}],"version-history":[{"count":1,"href":"https:\/\/heradsskjalasafn.is\/index.php?rest_route=\/wp\/v2\/posts\/208\/revisions"}],"predecessor-version":[{"id":209,"href":"https:\/\/heradsskjalasafn.is\/index.php?rest_route=\/wp\/v2\/posts\/208\/revisions\/209"}],"wp:attachment":[{"href":"https:\/\/heradsskjalasafn.is\/index.php?rest_route=%2Fwp%2Fv2%2Fmedia&parent=208"}],"wp:term":[{"taxonomy":"category","embeddable":true,"href":"https:\/\/heradsskjalasafn.is\/index.php?rest_route=%2Fwp%2Fv2%2Fcategories&post=208"},{"taxonomy":"post_tag","embeddable":true,"href":"https:\/\/heradsskjalasafn.is\/index.php?rest_route=%2Fwp%2Fv2%2Ftags&post=208"}],"curies":[{"name":"wp","href":"https:\/\/api.w.org\/{rel}","templated":true}]}}