{"id":206,"date":"2010-05-07T10:31:46","date_gmt":"2010-05-07T10:31:46","guid":{"rendered":"http:\/\/wp2.edge.is\/?p=206"},"modified":"2016-11-04T10:32:01","modified_gmt":"2016-11-04T10:32:01","slug":"lattu-thitt-ekki-eftir-liggja","status":"publish","type":"post","link":"https:\/\/heradsskjalasafn.is\/?p=206","title":{"rendered":"L\u00e1ttu \u00feitt (ekki) eftir liggja"},"content":{"rendered":"<p><a href=\"http:\/\/www.borgarskjalasafn.is\/desktopdefault.aspx\/tabid-3921\/6634_read-21243\/\" target=\"_blank\">Borgarskjalasafn Reykjav\u00edkur<\/a> stendur \u00e1samt fleirum a\u00f0 m\u00e1l\u00feingi um rekjaleika og gegns\u00e6i \u00ed stj\u00f3rns\u00fdslu og rekstri fyrirt\u00e6kja \u00ed kj\u00f6lfar \u00e1 sk\u00fdrslu Ranns\u00f3knarnefndar Al\u00feingis.<\/p>\n<p>M\u00e1l\u00feingi\u00f0 fer fram \u00ed Salnum \u00ed K\u00f3pavogi \u00feri\u00f0judaginn 11. ma\u00ed og stendur fr\u00e1 kl. 9 \u2013 12. Allir velkomnir. \u00d3keypis a\u00f0gangur.<\/p>\n<p><a href=\"http:\/\/wp1.edge.is\/wp-content\/uploads\/2014\/12\/image.image001.gif01caecab.b4b0d150.gif\"><img loading=\"lazy\" decoding=\"async\" class=\"alignnone size-full wp-image-509\" src=\"http:\/\/wp1.edge.is\/wp-content\/uploads\/2014\/12\/image.image001.gif01caecab.b4b0d150.gif\" alt=\"image.image001.gif01caecab.b4b0d150\" width=\"600\" height=\"800\" \/><\/a><\/p>\n","protected":false},"excerpt":{"rendered":"<p>Borgarskjalasafn Reykjav\u00edkur stendur \u00e1samt fleirum a\u00f0 m\u00e1l\u00feingi um rekjaleika og gegns\u00e6i \u00ed stj\u00f3rns\u00fdslu og rekstri fyrirt\u00e6kja \u00ed kj\u00f6lfar \u00e1 sk\u00fdrslu Ranns\u00f3knarnefndar Al\u00feingis. M\u00e1l\u00feingi\u00f0 fer fram \u00ed Salnum \u00ed K\u00f3pavogi \u00feri\u00f0judaginn 11. ma\u00ed og stendur fr\u00e1 kl. 9 \u2013 12. Allir<\/p>\n","protected":false},"author":2,"featured_media":0,"comment_status":"closed","ping_status":"closed","sticky":false,"template":"","format":"standard","meta":{"footnotes":""},"categories":[5],"tags":[],"class_list":["post-206","post","type-post","status-publish","format-standard","hentry","category-frettir"],"_links":{"self":[{"href":"https:\/\/heradsskjalasafn.is\/index.php?rest_route=\/wp\/v2\/posts\/206","targetHints":{"allow":["GET"]}}],"collection":[{"href":"https:\/\/heradsskjalasafn.is\/index.php?rest_route=\/wp\/v2\/posts"}],"about":[{"href":"https:\/\/heradsskjalasafn.is\/index.php?rest_route=\/wp\/v2\/types\/post"}],"author":[{"embeddable":true,"href":"https:\/\/heradsskjalasafn.is\/index.php?rest_route=\/wp\/v2\/users\/2"}],"replies":[{"embeddable":true,"href":"https:\/\/heradsskjalasafn.is\/index.php?rest_route=%2Fwp%2Fv2%2Fcomments&post=206"}],"version-history":[{"count":1,"href":"https:\/\/heradsskjalasafn.is\/index.php?rest_route=\/wp\/v2\/posts\/206\/revisions"}],"predecessor-version":[{"id":207,"href":"https:\/\/heradsskjalasafn.is\/index.php?rest_route=\/wp\/v2\/posts\/206\/revisions\/207"}],"wp:attachment":[{"href":"https:\/\/heradsskjalasafn.is\/index.php?rest_route=%2Fwp%2Fv2%2Fmedia&parent=206"}],"wp:term":[{"taxonomy":"category","embeddable":true,"href":"https:\/\/heradsskjalasafn.is\/index.php?rest_route=%2Fwp%2Fv2%2Fcategories&post=206"},{"taxonomy":"post_tag","embeddable":true,"href":"https:\/\/heradsskjalasafn.is\/index.php?rest_route=%2Fwp%2Fv2%2Ftags&post=206"}],"curies":[{"name":"wp","href":"https:\/\/api.w.org\/{rel}","templated":true}]}}