{"id":204,"date":"2010-05-07T10:31:07","date_gmt":"2010-05-07T10:31:07","guid":{"rendered":"http:\/\/wp2.edge.is\/?p=204"},"modified":"2016-11-04T10:31:23","modified_gmt":"2016-11-04T10:31:23","slug":"vorsyning-heradsskjalasafns-austfirdinga","status":"publish","type":"post","link":"https:\/\/heradsskjalasafn.is\/?p=204","title":{"rendered":"Vors\u00fdning H\u00e9ra\u00f0sskjalasafns Austfir\u00f0inga"},"content":{"rendered":"<div>\n<p>N\u00fd lj\u00f3smyndas\u00fdning er komin \u00e1 heimas\u00ed\u00f0u <a href=\"http:\/\/heraust.is\/index.php\" target=\"_blank\">H\u00e9ra\u00f0sskjalasafns Austfir\u00f0inga<\/a>. Nefnist s\u00fdningin einfaldlega Vors\u00fdning. Samkv\u00e6mt venju hefur Arnd\u00eds \u00deorvaldsd\u00f3ttir haft veg og vanda af ger\u00f0 s\u00fdningarinnar. N\u00e1nar m\u00e1 lesa um tilur\u00f0 myndanna \u00ed s\u00fdningunni me\u00f0 \u00fev\u00ed a\u00f0 klikka \u00e1 fyrirs\u00f6gn \u00feessarar fr\u00e9ttar. L\u00edkt og jafnan \u00e1\u00f0ur er leita\u00f0 til s\u00fdningargesta eftir uppl\u00fdsingum um einstaka myndir \u00ed s\u00fdningunni.<\/p>\n<p><a href=\"http:\/\/wp1.edge.is\/wp-content\/uploads\/2014\/12\/her_aust_mynd_nr.-08.jpg\"><img loading=\"lazy\" decoding=\"async\" class=\"alignnone size-full wp-image-506\" src=\"http:\/\/wp1.edge.is\/wp-content\/uploads\/2014\/12\/her_aust_mynd_nr.-08.jpg\" alt=\"her_aust_mynd_nr. 08\" width=\"800\" height=\"501\" \/><\/a><\/p>\n<\/div>\n<div><\/div>\n<div>\n<div>\n<p><em>Snj\u00f3g\u00f6ng sem \u00feessi voru vour algeng sj\u00f3n s\u00ed\u00f0la vetrar \u00e1 Fjar\u00f0arhei\u00f0i. B\u00edlinn \u00e1tti Gu\u00f0j\u00f3n S\u00e6mundsson og \u00fea\u00f0 eru kona hans Kitt\u00fd og d\u00f3ttir hans Erla sem standa vi\u00f0 b\u00edlinn. Mynd nr. 8 \u00e1 Vors\u00fdningu H\u00e9ra\u00f0sskjalasafns Austfir\u00f0inga.<\/em><\/p>\n<\/div>\n<div><\/div>\n<div>\n<p>\u00c1 vors\u00fdningu lj\u00f3smyndasafnsins er v\u00ed\u00f0a leita\u00f0 fanga. Birtar eru nokkrar myndir fr\u00e1 sk\u00ed\u00f0am\u00f3ti Austurlands sem haldi\u00f0 var \u00e1 Fagradal \u00ed byrjun \u00e1ttunda \u00e1ratugar 20. aldar. Myndirnar t\u00f3k J\u00f3n \u00c1sgeir J\u00f3nsson p\u00edpulagningarma\u00f0ur sem um skei\u00f0 var b\u00fasettur \u00e1 Egilsst\u00f6\u00f0um. Margt af \u00fev\u00ed f\u00f3lki sem \u00fear s\u00e9st er \u00f3\u00feekkt og eru uppl\u00fdsingar \u00feegnar me\u00f0 \u00fe\u00f6kkum (\u00ed s\u00edma 471 1417 e\u00f0a \u00e1 netfangi\u00f0 <a href=\"mailto:arndis@heraust.is\">arndis@heraust.is<\/a> ).<\/p>\n<\/div>\n<div>\n<p>Undanfarin \u00e1r hefur S\u00f3lveig Sigur\u00f0ard\u00f3ttir \u00e1 Sey\u00f0isfir\u00f0i veri\u00f0 \u00f3\u00fereytandi vi\u00f0 s\u00f6fnun mynda og skanna\u00f0 fj\u00f6lda \u00feeirra inn \u00e1 diska. Vi\u00f0 birtum h\u00e9r myndir \u00far einkas\u00f6fnum \u00feriggja Sey\u00f0fir\u00f0inga sem S\u00f3lveig hefur skanna\u00f0. Um er a\u00f0 r\u00e6\u00f0a s\u00f6fn \u00far f\u00f3rum Gu\u00f0j\u00f3ns S\u00e6mundssonar, P\u00e1l\u00ednu Waage og Vilbergs Sveinbj\u00f6rnssonar. \u00cd nokkrum tilvikum voru myndirnar til b\u00e6\u00f0i \u00ed safni P\u00e1l\u00ednu og Gu\u00f0j\u00f3ns og \u00fev\u00ed erfitt a\u00f0 \u00farskur\u00f0a hva\u00f0an \u00fe\u00e6r komu \u00ed upphafi. \u00dar \u00feessum s\u00f6fnum hafa m.a. veri\u00f0 valdar myndir sem s\u00fdna \u00fe\u00e1 samg\u00f6nguerfi\u00f0leika sem menn \u00e1ttu vi\u00f0 a\u00f0 etja \u00e1 Fjar\u00f0arhei\u00f0i fyrir f\u00e1einum \u00e1ratugum. Einnig eru myndir fr\u00e1 mannl\u00edfi \u00e1 Sey\u00f0isfir\u00f0i \u00ed leik og starfi. \u00de\u00e1 dr\u00f6gum vi\u00f0 fram nokkrar fj\u00f6lskyldu- og fermingarmyndir \u00e1 \u00fdmsum t\u00edma.<\/p>\n<p>HL<\/p>\n<\/div>\n<\/div>\n","protected":false},"excerpt":{"rendered":"<p>N\u00fd lj\u00f3smyndas\u00fdning er komin \u00e1 heimas\u00ed\u00f0u H\u00e9ra\u00f0sskjalasafns Austfir\u00f0inga. Nefnist s\u00fdningin einfaldlega Vors\u00fdning. Samkv\u00e6mt venju hefur Arnd\u00eds \u00deorvaldsd\u00f3ttir haft veg og vanda af ger\u00f0 s\u00fdningarinnar. N\u00e1nar m\u00e1 lesa um tilur\u00f0 myndanna \u00ed s\u00fdningunni me\u00f0 \u00fev\u00ed a\u00f0 klikka \u00e1 fyrirs\u00f6gn \u00feessarar fr\u00e9ttar.<\/p>\n","protected":false},"author":2,"featured_media":0,"comment_status":"closed","ping_status":"closed","sticky":false,"template":"","format":"standard","meta":{"footnotes":""},"categories":[5],"tags":[],"class_list":["post-204","post","type-post","status-publish","format-standard","hentry","category-frettir"],"_links":{"self":[{"href":"https:\/\/heradsskjalasafn.is\/index.php?rest_route=\/wp\/v2\/posts\/204","targetHints":{"allow":["GET"]}}],"collection":[{"href":"https:\/\/heradsskjalasafn.is\/index.php?rest_route=\/wp\/v2\/posts"}],"about":[{"href":"https:\/\/heradsskjalasafn.is\/index.php?rest_route=\/wp\/v2\/types\/post"}],"author":[{"embeddable":true,"href":"https:\/\/heradsskjalasafn.is\/index.php?rest_route=\/wp\/v2\/users\/2"}],"replies":[{"embeddable":true,"href":"https:\/\/heradsskjalasafn.is\/index.php?rest_route=%2Fwp%2Fv2%2Fcomments&post=204"}],"version-history":[{"count":1,"href":"https:\/\/heradsskjalasafn.is\/index.php?rest_route=\/wp\/v2\/posts\/204\/revisions"}],"predecessor-version":[{"id":205,"href":"https:\/\/heradsskjalasafn.is\/index.php?rest_route=\/wp\/v2\/posts\/204\/revisions\/205"}],"wp:attachment":[{"href":"https:\/\/heradsskjalasafn.is\/index.php?rest_route=%2Fwp%2Fv2%2Fmedia&parent=204"}],"wp:term":[{"taxonomy":"category","embeddable":true,"href":"https:\/\/heradsskjalasafn.is\/index.php?rest_route=%2Fwp%2Fv2%2Fcategories&post=204"},{"taxonomy":"post_tag","embeddable":true,"href":"https:\/\/heradsskjalasafn.is\/index.php?rest_route=%2Fwp%2Fv2%2Ftags&post=204"}],"curies":[{"name":"wp","href":"https:\/\/api.w.org\/{rel}","templated":true}]}}