{"id":202,"date":"2010-04-13T10:30:20","date_gmt":"2010-04-13T10:30:20","guid":{"rendered":"http:\/\/wp2.edge.is\/?p=202"},"modified":"2016-11-04T10:30:41","modified_gmt":"2016-11-04T10:30:41","slug":"ljosmyndasyning-heradsskjalasafns-arnesinga","status":"publish","type":"post","link":"https:\/\/heradsskjalasafn.is\/?p=202","title":{"rendered":"Lj\u00f3smyndas\u00fdning H\u00e9ra\u00f0sskjalasafns \u00c1rnesinga"},"content":{"rendered":"<p>Fimmtudaginn 8. apr\u00edl opna\u00f0i lj\u00f3smyndas\u00fdning H\u00e9ra\u00f0sskjalasafns \u00c1rnesinga Ma\u00f0ur er nefndur \u00ed Listagj\u00e1nni \u00ed B\u00f3kasafni \u00c1rborgar. \u00c1 s\u00fdningunni getur a\u00f0 l\u00edta valdar myndir \u00fat \u00fdmsum skjala- og lj\u00f3smyndas\u00f6fnum \u00ed v\u00f6rslu h\u00e9ra\u00f0sskjalasafnsins.<\/p>\n<p><a href=\"http:\/\/wp1.edge.is\/wp-content\/uploads\/2014\/12\/her_arn_syning2010.jpg\"><img loading=\"lazy\" decoding=\"async\" class=\"alignnone size-full wp-image-503\" src=\"http:\/\/wp1.edge.is\/wp-content\/uploads\/2014\/12\/her_arn_syning2010.jpg\" alt=\"her_arn_syning2010\" width=\"1000\" height=\"633\" \/><\/a><\/p>\n<p><em>\u00deegar \u00feeir f\u00e9lagar og gl\u00edmukappar \u00deorgeir J\u00f3nsson \u00ed Gufunesi og Sigur\u00f0ur Greipsson \u00ed Haukadal voru nemendur \u00e1 \u00cd\u00fer\u00f3ttask\u00f3lanum \u00ed Ollerup \u00ed Danm\u00f6rku veturinn 1926-1927 \u00e6f\u00f0u \u00feeir upp gl\u00edmuflokk me\u00f0 nokkrum d\u00f6nskum samnemendum s\u00ednum. Flokkurinn h\u00e9lt s\u00fdningu \u00ed Nyborg 3. mars 1927 og er myndin tekin vi\u00f0 \u00fea\u00f0 t\u00e6kif\u00e6ri. \u00c1 myndinni eru \u00ed fremri r\u00f6\u00f0 f.v. Jens Norskov, \u00deorgeir J\u00f3nsson og Ove Nilsen. \u00cd aftari r\u00f6\u00f0 f.v. Egner Mogensen, Sigur\u00f0ur Greipsson, Kristian Jacobsen og Mogens Sommer. Heimildama\u00f0ur J\u00f3n M. \u00cdvarsson.<\/em><\/p>\n<p>Myndirnar eru teknar \u00e1 um 60 \u00e1ra t\u00edmabili fr\u00e1 1915 til 1975. \u00deetta eru mannamyndir teknar vi\u00f0 \u00fdmis t\u00e6kif\u00e6ri, s.s. \u00fatskrift, fundah\u00f6ld, \u00fatilegur, afm\u00e6li o.fl. Flestar myndanna eru \u00f3skr\u00e1\u00f0ar. Gestir er hvattir til a\u00f0 koma uppl\u00fdsingum um \u00fe\u00e1 sem eru \u00e1 myndunum til starfsmanna h\u00e9ra\u00f0sskjalasafnsins, \u00fe\u00e1 er h\u00e6gt a\u00f0 setja n\u00f6fn einstaklinga inn \u00e1 myndir \u00ed s\u00fdningaskr\u00e1. Myndas\u00fdningin er l\u00edka \u00e1 <a href=\"http:\/\/www.facebook.com\/pages\/Selfoss-Iceland\/Heradsskjalasafn-Arnesinga\/308945860768?v=photos&amp;ref=mf#!\/album.php?aid=166891&amp;id=308945860768\" target=\"_blank\">Facebook<\/a> s\u00ed\u00f0u safnsins, en \u00fear er h\u00e6gt a\u00f0 merkja einstaklinga (tag). S\u00fdningin stendur \u00fat apr\u00edl \u00ed Listagj\u00e1nni en fer eftir \u00fea\u00f0 \u00e1 milli sveitarf\u00e9lagana \u00e1tta \u00ed \u00c1rness\u00fdslu.<\/p>\n","protected":false},"excerpt":{"rendered":"<p>Fimmtudaginn 8. apr\u00edl opna\u00f0i lj\u00f3smyndas\u00fdning H\u00e9ra\u00f0sskjalasafns \u00c1rnesinga Ma\u00f0ur er nefndur \u00ed Listagj\u00e1nni \u00ed B\u00f3kasafni \u00c1rborgar. \u00c1 s\u00fdningunni getur a\u00f0 l\u00edta valdar myndir \u00fat \u00fdmsum skjala- og lj\u00f3smyndas\u00f6fnum \u00ed v\u00f6rslu h\u00e9ra\u00f0sskjalasafnsins. \u00deegar \u00feeir f\u00e9lagar og gl\u00edmukappar \u00deorgeir J\u00f3nsson \u00ed Gufunesi og<\/p>\n","protected":false},"author":2,"featured_media":0,"comment_status":"closed","ping_status":"closed","sticky":false,"template":"","format":"standard","meta":{"footnotes":""},"categories":[5],"tags":[],"class_list":["post-202","post","type-post","status-publish","format-standard","hentry","category-frettir"],"_links":{"self":[{"href":"https:\/\/heradsskjalasafn.is\/index.php?rest_route=\/wp\/v2\/posts\/202","targetHints":{"allow":["GET"]}}],"collection":[{"href":"https:\/\/heradsskjalasafn.is\/index.php?rest_route=\/wp\/v2\/posts"}],"about":[{"href":"https:\/\/heradsskjalasafn.is\/index.php?rest_route=\/wp\/v2\/types\/post"}],"author":[{"embeddable":true,"href":"https:\/\/heradsskjalasafn.is\/index.php?rest_route=\/wp\/v2\/users\/2"}],"replies":[{"embeddable":true,"href":"https:\/\/heradsskjalasafn.is\/index.php?rest_route=%2Fwp%2Fv2%2Fcomments&post=202"}],"version-history":[{"count":1,"href":"https:\/\/heradsskjalasafn.is\/index.php?rest_route=\/wp\/v2\/posts\/202\/revisions"}],"predecessor-version":[{"id":203,"href":"https:\/\/heradsskjalasafn.is\/index.php?rest_route=\/wp\/v2\/posts\/202\/revisions\/203"}],"wp:attachment":[{"href":"https:\/\/heradsskjalasafn.is\/index.php?rest_route=%2Fwp%2Fv2%2Fmedia&parent=202"}],"wp:term":[{"taxonomy":"category","embeddable":true,"href":"https:\/\/heradsskjalasafn.is\/index.php?rest_route=%2Fwp%2Fv2%2Fcategories&post=202"},{"taxonomy":"post_tag","embeddable":true,"href":"https:\/\/heradsskjalasafn.is\/index.php?rest_route=%2Fwp%2Fv2%2Ftags&post=202"}],"curies":[{"name":"wp","href":"https:\/\/api.w.org\/{rel}","templated":true}]}}