{"id":200,"date":"2010-03-25T09:37:19","date_gmt":"2010-03-25T09:37:19","guid":{"rendered":"http:\/\/wp2.edge.is\/?p=200"},"modified":"2016-11-04T09:37:36","modified_gmt":"2016-11-04T09:37:36","slug":"skjol-orlofsnefndar-husmaedra-i-reykjavik","status":"publish","type":"post","link":"https:\/\/heradsskjalasafn.is\/?p=200","title":{"rendered":"Skj\u00f6l Orlofsnefndar h\u00fasm\u00e6\u00f0ra \u00ed Reykjav\u00edk"},"content":{"rendered":"<p>H\u00fasm\u00e6\u00f0raorlof \u00ed Reykjav\u00edk \u00e1 s\u00e9r merka s\u00f6gu. \u00c1ri\u00f0 1954 haf\u00f0i Ragnhei\u00f0ur M\u00f6ller frams\u00f6gu um l\u00f6gfestingu orlofs h\u00fasm\u00e6\u00f0ra \u00e1 Nor\u00f0url\u00f6ndum og lag\u00f0i til a\u00f0 nefnd undirbyggi m\u00e1li\u00f0 fyrir lands\u00feing Kvenf\u00e9lagasambands \u00cdslands. L\u00f6g um orlof h\u00fasm\u00e6\u00f0ra voru fyrst sett \u00e1 Al\u00feingi 7. j\u00fan\u00ed 1960 en n\u00fagildandi l\u00f6g voru sett 29. ma\u00ed 1972.<\/p>\n<p>\u00cd tilefni af \u00e1taki f\u00e9lags F\u00e9lags h\u00e9ra\u00f0sskjalavar\u00f0a um skj\u00f6l kvenf\u00e9laga\u00a0hefur <a href=\"http:\/\/orlofrvk.123.is\/\" target=\"_blank\">Orlofsnefnd h\u00fasm\u00e6\u00f0ra \u00ed Reykjav\u00edk<\/a> \u00e1kve\u00f0i\u00f0 a\u00f0 afhenda Borgarskjalasafni Reykjav\u00edkur skjalasafn sitt til var\u00f0veislu og er \u00fea\u00f0 heildst\u00e6tt og merkt safn. \u00dea\u00f0 var Magnea Antonsd\u00f3ttir sem afhenti Borgarskjalasafni skj\u00f6lin 26. jan\u00faar 2010. \u00cd skjalasafninu eru fundarger\u00f0ab\u00e6kur, b\u00e6klingar, lj\u00f3smyndir, augl\u00fdsingar og b\u00f3khaldsg\u00f6gn og n\u00e6r \u00fea\u00f0 fr\u00e1 \u00e1runum 1961-1998.<\/p>\n<p>Orlofsnefnd h\u00fasm\u00e6\u00f0ra \u00ed Reykjav\u00edk \u00ed dag starfar \u00e1 vegum Bandalags kvenna \u00ed Reykjav\u00edk og er kosi\u00f0 \u00ed hana \u00e1 \u00e1rlegu \u00feingi BKR. S\u00f6mu reglur gilda um orlofsnefnd og a\u00f0rar nefndir innan Bandalagsins. Nefndina skipa 6 konur, tilnefndar af a\u00f0ildarf\u00e9l\u00f6gum BKR sem \u00ed dag eru 13 talsins. Hlutverk nefndarinnar er a\u00f0 skipuleggja og sj\u00e1 um orlofsfer\u00f0ir h\u00fasm\u00e6\u00f0ra. Hver kona m\u00e1 sitja \u00ed nefndinni 6 \u00e1r \u00ed senn. Nefndin stendur fyrir fj\u00f6lbreyttu starfi og fer\u00f0um sem lesa m\u00e1 um \u00e1 vef hennar.<\/p>\n<p><a href=\"http:\/\/www.borgarskjalasafn.is\/desktopdefault.aspx\/tabid-3921\/6634_read-20451\/\" target=\"_blank\">N\u00e1nari umfj\u00f6llun um afhendingu skjalanna \u00e1 vef Borgarskjalasafns.<\/a><\/p>\n<p>SB<\/p>\n","protected":false},"excerpt":{"rendered":"<p>H\u00fasm\u00e6\u00f0raorlof \u00ed Reykjav\u00edk \u00e1 s\u00e9r merka s\u00f6gu. \u00c1ri\u00f0 1954 haf\u00f0i Ragnhei\u00f0ur M\u00f6ller frams\u00f6gu um l\u00f6gfestingu orlofs h\u00fasm\u00e6\u00f0ra \u00e1 Nor\u00f0url\u00f6ndum og lag\u00f0i til a\u00f0 nefnd undirbyggi m\u00e1li\u00f0 fyrir lands\u00feing Kvenf\u00e9lagasambands \u00cdslands. L\u00f6g um orlof h\u00fasm\u00e6\u00f0ra voru fyrst sett \u00e1 Al\u00feingi 7.<\/p>\n","protected":false},"author":2,"featured_media":0,"comment_status":"closed","ping_status":"closed","sticky":false,"template":"","format":"standard","meta":{"footnotes":""},"categories":[5],"tags":[],"class_list":["post-200","post","type-post","status-publish","format-standard","hentry","category-frettir"],"_links":{"self":[{"href":"https:\/\/heradsskjalasafn.is\/index.php?rest_route=\/wp\/v2\/posts\/200","targetHints":{"allow":["GET"]}}],"collection":[{"href":"https:\/\/heradsskjalasafn.is\/index.php?rest_route=\/wp\/v2\/posts"}],"about":[{"href":"https:\/\/heradsskjalasafn.is\/index.php?rest_route=\/wp\/v2\/types\/post"}],"author":[{"embeddable":true,"href":"https:\/\/heradsskjalasafn.is\/index.php?rest_route=\/wp\/v2\/users\/2"}],"replies":[{"embeddable":true,"href":"https:\/\/heradsskjalasafn.is\/index.php?rest_route=%2Fwp%2Fv2%2Fcomments&post=200"}],"version-history":[{"count":1,"href":"https:\/\/heradsskjalasafn.is\/index.php?rest_route=\/wp\/v2\/posts\/200\/revisions"}],"predecessor-version":[{"id":201,"href":"https:\/\/heradsskjalasafn.is\/index.php?rest_route=\/wp\/v2\/posts\/200\/revisions\/201"}],"wp:attachment":[{"href":"https:\/\/heradsskjalasafn.is\/index.php?rest_route=%2Fwp%2Fv2%2Fmedia&parent=200"}],"wp:term":[{"taxonomy":"category","embeddable":true,"href":"https:\/\/heradsskjalasafn.is\/index.php?rest_route=%2Fwp%2Fv2%2Fcategories&post=200"},{"taxonomy":"post_tag","embeddable":true,"href":"https:\/\/heradsskjalasafn.is\/index.php?rest_route=%2Fwp%2Fv2%2Ftags&post=200"}],"curies":[{"name":"wp","href":"https:\/\/api.w.org\/{rel}","templated":true}]}}