{"id":198,"date":"2010-03-12T09:36:21","date_gmt":"2010-03-12T09:36:21","guid":{"rendered":"http:\/\/wp2.edge.is\/?p=198"},"modified":"2018-09-19T09:22:06","modified_gmt":"2018-09-19T09:22:06","slug":"thjodskjalavordur-setur-heradsskjalasofnum-skilyrdi","status":"publish","type":"post","link":"https:\/\/heradsskjalasafn.is\/?p=198","title":{"rendered":"\u00dej\u00f3\u00f0skjalav\u00f6r\u00f0ur setur h\u00e9ra\u00f0sskjalas\u00f6fnum skilyr\u00f0i"},"content":{"rendered":"<p>Me\u00f0 <a href=\"https:\/\/heradsskjalasafn.is\/wp-content\/uploads\/2018\/09\/bref_thjodskjalavardar_18feb2010.pdf\" target=\"_blank\" rel=\"noopener\">br\u00e9fi dags. 18. febr\u00faar sl.<\/a>\u00a0tilkynnti \u00fej\u00f3\u00f0skjalav\u00f6r\u00f0ur h\u00e9ra\u00f0sskjalav\u00f6r\u00f0um um n\u00fd skilyr\u00f0i sem h\u00e9ra\u00f0sskjalas\u00f6fn \u00feurfa a\u00f0 uppfylla til \u00feess a\u00f0 halda starfsleyfi s\u00ednu.<\/p>\n<p>\u00c1hersla var l\u00f6g\u00f0 \u00e1 \u00feessi skilyr\u00f0i me\u00f0 v\u00edsan til \u00e1kv\u00e6\u00f0a 12. og 13. gr. laga nr. 66\/1985 um \u00dej\u00f3\u00f0skjalasafn \u00cdslands sem fjalla um h\u00e9ra\u00f0sskjalas\u00f6fn, heimild til stofnunar \u00feeirra og vi\u00f0url\u00f6g vi\u00f0 \u00fev\u00ed a\u00f0 h\u00e9ra\u00f0sskjalasafn falli \u00ed vanhir\u00f0u.<\/p>\n<p>Skilyr\u00f0i \u00fej\u00f3\u00f0skjalavar\u00f0ar fyrir \u00fev\u00ed a\u00f0 h\u00e9ra\u00f0sskjalas\u00f6fn annist var\u00f0veislu rafr\u00e6nna gagna:<\/p>\n<p>1. Til s\u00e9 v\u00e9l- og hugb\u00fana\u00f0ur sem gerir h\u00e9ra\u00f0sskjalasafni kleift a\u00f0 taka vi\u00f0 v\u00f6rslu\u00fatg\u00e1fum, pr\u00f3fa \u00fe\u00e6r og var\u00f0veita. Var\u00f0veita \u00fearf \u00ferj\u00fa eint\u00f6k gagna, eitt eintak gagna \u00ed vi\u00f0komandi h\u00e9ra\u00f0sskjalasafni, eitt \u00ed \u00dej\u00f3\u00f0skjalasafni og eitt \u00e1 \u00f6\u00f0rum \u00f6ruggum sta\u00f0 me\u00f0 leyfi \u00fej\u00f3\u00f0skjalavar\u00f0ar. \u00dej\u00f3\u00f0skjalasafn veitir n\u00e1nari uppl\u00fdsingar um nau\u00f0synlegan b\u00fana\u00f0 og forrit.<\/p>\n<p>2. \u00c1 safninu s\u00e9u \u00f6ruggar a\u00f0st\u00e6\u00f0ur til a\u00f0 vinna vi\u00f0 rafr\u00e6n g\u00f6gn, svokalla\u00f0 m\u00f3tt\u00f6kuverkst\u00e6\u00f0i me\u00f0 nau\u00f0synlegum b\u00fana\u00f0i og me\u00f0 a\u00f0gangstakm\u00f6rkunum og loku\u00f0u t\u00f6lvukerfi, og geymslur fyrir rafr\u00e6n g\u00f6gn a\u00f0skildar fr\u00e1 \u00f6\u00f0rum geymslum, s\u00e9rst\u00f6k herbergi e\u00f0a s\u00e9rstakir eldfastir sk\u00e1par.<\/p>\n<p>3. Starfsmenn h\u00e9ra\u00f0sskjalasafnsins hafi \u00feekkingu og f\u00e6rni til \u00feess a\u00f0 meta rafr\u00e6n kerfi sveitarf\u00e9laga og stofnana \u00feeirra. A.m.k. einn starfsma\u00f0ur \u00fearf a\u00f0 hafa sta\u00f0g\u00f3\u00f0a menntun \u00e1 svi\u00f0i t\u00f6lvufr\u00e6\u00f0a sem geti teki\u00f0 og meti\u00f0 rafr\u00e6nar v\u00f6rslu\u00fatg\u00e1fur gagna, pr\u00f3fa\u00f0 \u00fe\u00e6r og vista\u00f0 samkv\u00e6mt \u00feeim reglum sem \u00dej\u00f3\u00f0skjalasafn setur.<\/p>\n<p>\u00deetta setur h\u00e9ra\u00f0sskjalas\u00f6fnin \u00ed nokkurn vanda ekki s\u00edst \u00e1 ni\u00f0urskur\u00f0art\u00edmum \u00ed efnahagsm\u00e1lum.<\/p>\n","protected":false},"excerpt":{"rendered":"<p>Me\u00f0 br\u00e9fi dags. 18. febr\u00faar sl.\u00a0tilkynnti \u00fej\u00f3\u00f0skjalav\u00f6r\u00f0ur h\u00e9ra\u00f0sskjalav\u00f6r\u00f0um um n\u00fd skilyr\u00f0i sem h\u00e9ra\u00f0sskjalas\u00f6fn \u00feurfa a\u00f0 uppfylla til \u00feess a\u00f0 halda starfsleyfi s\u00ednu. \u00c1hersla var l\u00f6g\u00f0 \u00e1 \u00feessi skilyr\u00f0i me\u00f0 v\u00edsan til \u00e1kv\u00e6\u00f0a 12. og 13. gr. laga nr. 66\/1985 um<\/p>\n","protected":false},"author":2,"featured_media":0,"comment_status":"closed","ping_status":"closed","sticky":false,"template":"","format":"standard","meta":{"footnotes":""},"categories":[5],"tags":[],"class_list":["post-198","post","type-post","status-publish","format-standard","hentry","category-frettir"],"_links":{"self":[{"href":"https:\/\/heradsskjalasafn.is\/index.php?rest_route=\/wp\/v2\/posts\/198","targetHints":{"allow":["GET"]}}],"collection":[{"href":"https:\/\/heradsskjalasafn.is\/index.php?rest_route=\/wp\/v2\/posts"}],"about":[{"href":"https:\/\/heradsskjalasafn.is\/index.php?rest_route=\/wp\/v2\/types\/post"}],"author":[{"embeddable":true,"href":"https:\/\/heradsskjalasafn.is\/index.php?rest_route=\/wp\/v2\/users\/2"}],"replies":[{"embeddable":true,"href":"https:\/\/heradsskjalasafn.is\/index.php?rest_route=%2Fwp%2Fv2%2Fcomments&post=198"}],"version-history":[{"count":2,"href":"https:\/\/heradsskjalasafn.is\/index.php?rest_route=\/wp\/v2\/posts\/198\/revisions"}],"predecessor-version":[{"id":1404,"href":"https:\/\/heradsskjalasafn.is\/index.php?rest_route=\/wp\/v2\/posts\/198\/revisions\/1404"}],"wp:attachment":[{"href":"https:\/\/heradsskjalasafn.is\/index.php?rest_route=%2Fwp%2Fv2%2Fmedia&parent=198"}],"wp:term":[{"taxonomy":"category","embeddable":true,"href":"https:\/\/heradsskjalasafn.is\/index.php?rest_route=%2Fwp%2Fv2%2Fcategories&post=198"},{"taxonomy":"post_tag","embeddable":true,"href":"https:\/\/heradsskjalasafn.is\/index.php?rest_route=%2Fwp%2Fv2%2Ftags&post=198"}],"curies":[{"name":"wp","href":"https:\/\/api.w.org\/{rel}","templated":true}]}}