{"id":196,"date":"2010-02-19T09:35:27","date_gmt":"2010-02-19T09:35:27","guid":{"rendered":"http:\/\/wp2.edge.is\/?p=196"},"modified":"2016-11-04T09:35:44","modified_gmt":"2016-11-04T09:35:44","slug":"ny-heimasida-heradsskjalasafnsins-a-akureyri","status":"publish","type":"post","link":"https:\/\/heradsskjalasafn.is\/?p=196","title":{"rendered":"N\u00fd heimas\u00ed\u00f0a H\u00e9ra\u00f0sskjalasafnsins \u00e1 Akureyri"},"content":{"rendered":"<p>H\u00e9ra\u00f0sskjalasafni\u00f0 \u00e1 Akureyri opnar f\u00f6studaginn 19. febr\u00faar n\u00fdja heimas\u00ed\u00f0u me\u00f0 vefsl\u00f3\u00f0inni <a href=\"http:\/\/herak.is\/\" target=\"_blank\">http:\/\/herak.is<\/a>. S\u00ed\u00f0an er h\u00f6nnu\u00f0 hj\u00e1 Stefnu \u00e1 Akureyri og unnin \u00ed vefumsj\u00f3narkerfinu Moya.<\/p>\n<p><a href=\"http:\/\/wp1.edge.is\/wp-content\/uploads\/2014\/12\/her_ak_vetrarmynd.jpg\"><img loading=\"lazy\" decoding=\"async\" class=\"alignnone size-full wp-image-494\" src=\"http:\/\/wp1.edge.is\/wp-content\/uploads\/2014\/12\/her_ak_vetrarmynd.jpg\" alt=\"her_ak_vetrarmynd\" width=\"1024\" height=\"525\" \/><\/a><\/p>\n<p>\u00c1 s\u00ed\u00f0unni er a\u00f0 finna uppl\u00fdsingar um safni\u00f0, s\u00f6gu \u00feess, starfsemi og \u00fej\u00f3nustu. \u00dear er einnig a\u00f0 finna \u00fdmsan fr\u00f3\u00f0leik um skj\u00f6l, a\u00f0gang a\u00f0 \u00feeim og afhendingarskyldu. S\u00ed\u00f0ast en ekki s\u00edst m\u00e1 nefna a\u00f0 h\u00e6gt er a\u00f0 sj\u00e1 yfirlit yfir skjalaskr\u00e1r safnsins, t.d. hva\u00f0a stofnanir, f\u00e9l\u00f6g og \u00a0einstaklingar eiga skj\u00f6l \u00ed safninu og fara inn \u00e1 n\u00e1nari skr\u00e1 um skj\u00f6l hvers og eins. Fyrirspurnir til safnsins m\u00e1 senda \u00e1 netfangi\u00f0 <a href=\"mailto:herak@herak.is\">herak@herak.is<\/a>.<\/p>\n<p>AS<\/p>\n","protected":false},"excerpt":{"rendered":"<p>H\u00e9ra\u00f0sskjalasafni\u00f0 \u00e1 Akureyri opnar f\u00f6studaginn 19. febr\u00faar n\u00fdja heimas\u00ed\u00f0u me\u00f0 vefsl\u00f3\u00f0inni http:\/\/herak.is. S\u00ed\u00f0an er h\u00f6nnu\u00f0 hj\u00e1 Stefnu \u00e1 Akureyri og unnin \u00ed vefumsj\u00f3narkerfinu Moya. \u00c1 s\u00ed\u00f0unni er a\u00f0 finna uppl\u00fdsingar um safni\u00f0, s\u00f6gu \u00feess, starfsemi og \u00fej\u00f3nustu. \u00dear er einnig<\/p>\n","protected":false},"author":2,"featured_media":0,"comment_status":"closed","ping_status":"closed","sticky":false,"template":"","format":"standard","meta":{"footnotes":""},"categories":[5],"tags":[],"class_list":["post-196","post","type-post","status-publish","format-standard","hentry","category-frettir"],"_links":{"self":[{"href":"https:\/\/heradsskjalasafn.is\/index.php?rest_route=\/wp\/v2\/posts\/196","targetHints":{"allow":["GET"]}}],"collection":[{"href":"https:\/\/heradsskjalasafn.is\/index.php?rest_route=\/wp\/v2\/posts"}],"about":[{"href":"https:\/\/heradsskjalasafn.is\/index.php?rest_route=\/wp\/v2\/types\/post"}],"author":[{"embeddable":true,"href":"https:\/\/heradsskjalasafn.is\/index.php?rest_route=\/wp\/v2\/users\/2"}],"replies":[{"embeddable":true,"href":"https:\/\/heradsskjalasafn.is\/index.php?rest_route=%2Fwp%2Fv2%2Fcomments&post=196"}],"version-history":[{"count":1,"href":"https:\/\/heradsskjalasafn.is\/index.php?rest_route=\/wp\/v2\/posts\/196\/revisions"}],"predecessor-version":[{"id":197,"href":"https:\/\/heradsskjalasafn.is\/index.php?rest_route=\/wp\/v2\/posts\/196\/revisions\/197"}],"wp:attachment":[{"href":"https:\/\/heradsskjalasafn.is\/index.php?rest_route=%2Fwp%2Fv2%2Fmedia&parent=196"}],"wp:term":[{"taxonomy":"category","embeddable":true,"href":"https:\/\/heradsskjalasafn.is\/index.php?rest_route=%2Fwp%2Fv2%2Fcategories&post=196"},{"taxonomy":"post_tag","embeddable":true,"href":"https:\/\/heradsskjalasafn.is\/index.php?rest_route=%2Fwp%2Fv2%2Ftags&post=196"}],"curies":[{"name":"wp","href":"https:\/\/api.w.org\/{rel}","templated":true}]}}