{"id":194,"date":"2010-02-18T09:35:00","date_gmt":"2010-02-18T09:35:00","guid":{"rendered":"http:\/\/wp2.edge.is\/?p=194"},"modified":"2016-11-04T09:35:15","modified_gmt":"2016-11-04T09:35:15","slug":"ljosmyndasyning-i-safnahusinu-a-egilsstodum","status":"publish","type":"post","link":"https:\/\/heradsskjalasafn.is\/?p=194","title":{"rendered":"Lj\u00f3smyndas\u00fdning \u00ed Safnah\u00fasinu \u00e1 Egilsst\u00f6\u00f0um"},"content":{"rendered":"<p id=\"page\">Fimmtudaginn 4. febr\u00faar sl. opna\u00f0i \u00ed\u00a0Safnah\u00fasinu \u00e1 Egilsst\u00f6\u00f0um lj\u00f3smyndas\u00fdningin<em>\u00der\u00e6lkun, \u00feroski, \u00fer\u00e1?<\/em>S\u00fdningin er fengin a\u00f0 l\u00e1ni hj\u00e1 \u00dej\u00f3\u00f0minjasafni \u00cdslands en \u00fear var h\u00fan upphaflega sett upp \u00ed febr\u00faar 2009.\u00a0\u00c1 s\u00fdningunni getur a\u00f0 l\u00edta valdar lj\u00f3smyndir eftir \u00edslenska lj\u00f3smyndara sem var\u00f0veittar eru \u00ed Lj\u00f3smyndasafni \u00cdslands \u00ed \u00dej\u00f3\u00f0minjasafni. H\u00e9ra\u00f0sskjalasafn Austfir\u00f0inga og Lj\u00f3smyndasafn Austurlands h\u00f6f\u00f0u forg\u00f6ngu a\u00f0 uppsetningu s\u00fdningarinnar \u00ed Safnah\u00fasinu en hin s\u00f6fnin \u00ed h\u00fasinu komu einnig a\u00f0 uppsetningunni enda hef\u00f0 komin \u00e1 samstarf milli safnanna vi\u00f0 s\u00fdningahald.<\/p>\n<p>S\u00fdningin \u00der\u00e6lkun, \u00feroski, \u00fer\u00e1\u00a0fjallar um b\u00f6rn vi\u00f0 vinnu \u00e1 sj\u00f3 og \u00ed landi. S\u00fdningin vekur\u00a0 spurningar um vinnumenningu og barnauppeldi \u00e1 \u00cdslandi \u00e1 fyrri hluta 20. aldar. \u00dear er kanna\u00f0 hvernig lj\u00f3smyndir geta breytt vi\u00f0horfi okkar til fort\u00ed\u00f0arinnar eftir \u00fev\u00ed samhengi sem \u00fe\u00e6r eru sko\u00f0a\u00f0ar \u00ed. \u00de\u00e6r kveikja umhugsun um\u00a0vinnu barna, a\u00f0b\u00fana\u00f0 \u00feeirra og vinnuskilyr\u00f0i og samskipti sj\u00f3manna og barna. Hven\u00e6r breytast \u00e6vint\u00fdri og heilbrig\u00f0 vinnumenning \u00ed \u00fer\u00e6lkun? Hven\u00e6r ver\u00f0a a\u00f0st\u00e6\u00f0urnar \u00f3yfirst\u00edganlegar fyrir l\u00edtil b\u00f6rn, l\u00edkamlega og tilfinningalega. Hvar liggja m\u00f6rkin?<\/p>\n<p>S\u00fdningin \u00der\u00e6lkun, \u00feroski, \u00fer\u00e1\u00a0 byggir \u00e1 st\u00e6rri ranns\u00f3kn sem Sigr\u00fan Sigur\u00f0ard\u00f3ttir menningarfr\u00e6\u00f0ingur vann \u00ed ranns\u00f3knarst\u00f6\u00f0u dr. Kristj\u00e1ns Eldj\u00e1rns vi\u00f0 \u00dej\u00f3\u00f0minjasafn \u00cdslands. \u00cd tengslum vi\u00f0 s\u00fdninguna gaf \u00dej\u00f3\u00f0minjasafni\u00f0 \u00fat b\u00f3kina Afturg\u00f6ngur og afskipti af sannleikanum en \u00ed henni er fjalla\u00f0 um lj\u00f3smyndir sem menningarlegt greiningart\u00e6ki og sko\u00f0a\u00f0 hvernig lj\u00f3smyndir m\u00f3ta sj\u00e1lfsmynd, gildismat og vi\u00f0horf einstaklinga og \u00fej\u00f3\u00f0a.<\/p>\n<p>S\u00fdningin er \u00e1 \u00f6llum \u00feremur h\u00e6\u00f0um Safnah\u00fassins og mun h\u00fan standa fram \u00ed ma\u00ed.<\/p>\n<p>HL<\/p>\n","protected":false},"excerpt":{"rendered":"<p>Fimmtudaginn 4. febr\u00faar sl. opna\u00f0i \u00ed\u00a0Safnah\u00fasinu \u00e1 Egilsst\u00f6\u00f0um lj\u00f3smyndas\u00fdningin\u00der\u00e6lkun, \u00feroski, \u00fer\u00e1?S\u00fdningin er fengin a\u00f0 l\u00e1ni hj\u00e1 \u00dej\u00f3\u00f0minjasafni \u00cdslands en \u00fear var h\u00fan upphaflega sett upp \u00ed febr\u00faar 2009.\u00a0\u00c1 s\u00fdningunni getur a\u00f0 l\u00edta valdar lj\u00f3smyndir eftir \u00edslenska lj\u00f3smyndara sem var\u00f0veittar eru<\/p>\n","protected":false},"author":2,"featured_media":0,"comment_status":"closed","ping_status":"closed","sticky":false,"template":"","format":"standard","meta":{"footnotes":""},"categories":[5],"tags":[],"class_list":["post-194","post","type-post","status-publish","format-standard","hentry","category-frettir"],"_links":{"self":[{"href":"https:\/\/heradsskjalasafn.is\/index.php?rest_route=\/wp\/v2\/posts\/194","targetHints":{"allow":["GET"]}}],"collection":[{"href":"https:\/\/heradsskjalasafn.is\/index.php?rest_route=\/wp\/v2\/posts"}],"about":[{"href":"https:\/\/heradsskjalasafn.is\/index.php?rest_route=\/wp\/v2\/types\/post"}],"author":[{"embeddable":true,"href":"https:\/\/heradsskjalasafn.is\/index.php?rest_route=\/wp\/v2\/users\/2"}],"replies":[{"embeddable":true,"href":"https:\/\/heradsskjalasafn.is\/index.php?rest_route=%2Fwp%2Fv2%2Fcomments&post=194"}],"version-history":[{"count":1,"href":"https:\/\/heradsskjalasafn.is\/index.php?rest_route=\/wp\/v2\/posts\/194\/revisions"}],"predecessor-version":[{"id":195,"href":"https:\/\/heradsskjalasafn.is\/index.php?rest_route=\/wp\/v2\/posts\/194\/revisions\/195"}],"wp:attachment":[{"href":"https:\/\/heradsskjalasafn.is\/index.php?rest_route=%2Fwp%2Fv2%2Fmedia&parent=194"}],"wp:term":[{"taxonomy":"category","embeddable":true,"href":"https:\/\/heradsskjalasafn.is\/index.php?rest_route=%2Fwp%2Fv2%2Fcategories&post=194"},{"taxonomy":"post_tag","embeddable":true,"href":"https:\/\/heradsskjalasafn.is\/index.php?rest_route=%2Fwp%2Fv2%2Ftags&post=194"}],"curies":[{"name":"wp","href":"https:\/\/api.w.org\/{rel}","templated":true}]}}