{"id":192,"date":"2010-02-16T09:33:59","date_gmt":"2010-02-16T09:33:59","guid":{"rendered":"http:\/\/wp2.edge.is\/?p=192"},"modified":"2016-11-04T09:34:36","modified_gmt":"2016-11-04T09:34:36","slug":"skjalasafn-nylistasafnsins-afhent-borgarskjalasafni-reykjavikur","status":"publish","type":"post","link":"https:\/\/heradsskjalasafn.is\/?p=192","title":{"rendered":"Skjalasafn N\u00fdlistasafnsins afhent Borgarskjalasafni Reykjav\u00edkur"},"content":{"rendered":"<p>15. febr\u00faar 2010 var skjalasafn N\u00fdlistasafnsins formlega afhent Borgarskjalasafni Reykjav\u00edkur til var\u00f0veislu. Um er a\u00f0 r\u00e6\u00f0a um 12 hillumetra af skj\u00f6lum og n\u00e6r \u00fea\u00f0 allt fr\u00e1 stofnun safnsins \u00e1ri\u00f0 1978 til \u00e1rsins 2007.<\/p>\n<p>Um er a\u00f0 r\u00e6\u00f0a br\u00e9fasafn, dagb\u00e6kur, s\u00fdningarg\u00f6gn, fundarger\u00f0ir stj\u00f3rnar og a\u00f0rar fundarger\u00f0ir, s\u00fdningaums\u00f3knir, samningar vi\u00f0 s\u00fdnendur, g\u00f6gn um fj\u00e1r\u00f6flun safnsins og \u00f6nnur stj\u00f3rnunarg\u00f6gn. Unni\u00f0 er a\u00f0 skr\u00e1ningu safnsins og ver\u00f0ur \u00fea\u00f0 opna\u00f0 \u00a0til notkunar \u00e1 lesstofu Borgarskjalasafns fr\u00e1 15. apr\u00edl nk.<\/p>\n<p><a href=\"http:\/\/wp1.edge.is\/wp-content\/uploads\/2014\/12\/borg_reyk_nylo.jpg\"><img loading=\"lazy\" decoding=\"async\" class=\"alignnone size-full wp-image-489\" src=\"http:\/\/wp1.edge.is\/wp-content\/uploads\/2014\/12\/borg_reyk_nylo.jpg\" alt=\"borg_reyk_nylo\" width=\"500\" height=\"336\" \/><\/a><\/p>\n<p><em>Skrifa\u00f0 var undir afhendingarsamning Borgarskjalasafns og N\u00fdlistasafnsins m\u00e1nudaginn 15. Febr\u00faar 2010 og skrifu\u00f0u undir samninginn Tinna Gu\u00f0mundsd\u00f3ttir, framkv\u00e6mdastj\u00f3ri N\u00fdlistasafnsins, Svanhildur Bogad\u00f3ttir, borgarskjalav\u00f6r\u00f0ur. Vottar voru Gu\u00f0j\u00f3n Indri\u00f0ason, deildarstj\u00f3ri \u00e1 Borgarskjalasafni og Birta Gu\u00f0j\u00f3nsd\u00f3ttir, safnstj\u00f3ri N\u00fdlistasafns.<\/em><\/p>\n<p>N\u00fdlistasafni\u00f0 var stofna\u00f0 \u00e1ri\u00f0 1978 og er sj\u00e1lfseignarstofnun, rekin af samt\u00f6kum listamanna sem nefnast F\u00e9lag um N\u00fdlistasafni\u00f0. Starfsemi \u00feess h\u00f3fst \u00ed 50m2 geymsluh\u00fasn\u00e6\u00f0i \u00ed Mj\u00f6lnisholti, en \u00e1ri\u00f0 1979 flutti N\u00fdlistasafni\u00f0 \u00ed bakh\u00fas vi\u00f0 Vatnsst\u00edg 3b \u00fear sem \u00fea\u00f0 var til h\u00fasa \u00ed 24 \u00e1r. \u00c1ri\u00f0 2004 flutti N\u00fdlistasafni\u00f0 a\u00f0 Laugavegi 26 og \u00fea\u00f0 mun \u00e1 n\u00e6stu d\u00f6gum opna \u00ed n\u00fdju h\u00fasn\u00e6\u00f0i a\u00f0 Sk\u00falag\u00f6tu 28, \u00fear sem Kexverksmi\u00f0jan Fr\u00f3n var \u00e1\u00f0ur til h\u00fasa.<\/p>\n<p>N\u00fdl\u00f3, eins og safni\u00f0 er nefnt \u00ed daglegu tali, hefur \u00fe\u00e1 s\u00e9rst\u00f6\u00f0u a\u00f0 hafa \u00e1vallt veri\u00f0 reki\u00f0 af myndlistarm\u00f6nnum. \u00a0F\u00e9lagi\u00f0 var stofna\u00f0 \u00ed upphafi \u00e1rs 1978 af frams\u00e6knu myndlistarf\u00f3lki, en kjarni \u00feeirra haf\u00f0i \u00e1\u00f0ur starfa\u00f0 innan S\u00daM-h\u00f3psins. \u00a0Fyrsti forma\u00f0ur N\u00fdl\u00f3 var N\u00edels Hafstein, en hann og Magn\u00fas P\u00e1lsson voru a\u00f0alhvatamenn a\u00f0 stofnun safnsins. \u00a0Stofnf\u00e9lagar voru um tuttugu en \u00ed dag eru me\u00f0limirnir um 300 og er a\u00f0ild a\u00f0 f\u00e9laginu opin \u00f6llu \u00e1hugaf\u00f3lki um samt\u00edmalist. \u00a0Fimm manna stj\u00f3rn skipu\u00f0 til tveggja \u00e1ra \u00ed senn s\u00e9r um rekstur \u00ed samr\u00e6mi vi\u00f0 l\u00f6g f\u00e9lagsins og \u00e1kvar\u00f0anir a\u00f0alfundar.<\/p>\n<div>Markmi\u00f0 N\u00fdlistasafnsins eru:<\/div>\n<div>\u2022 a\u00f0 vera mi\u00f0st\u00f6\u00f0 n\u00fdrra strauma og tilrauna \u00ed myndlist.<\/div>\n<div>\u2022 a\u00f0 efla hugmyndafr\u00e6\u00f0ilega umr\u00e6\u00f0u um samt\u00edmalist.<\/div>\n<div>\u2022 a\u00f0 vera vettvangur fyrir unga myndlistarmenn.<\/div>\n<div>\u2022 a\u00f0 gegna almennum skyldum listasafns.<\/div>\n<div>\u2022 a\u00f0 safna og var\u00f0veita listaverk eftir f\u00e9laga safnsins.<\/div>\n<div>\u2022 a\u00f0 halda utan um og skr\u00e1setja s\u00f6gu samt\u00edmalistar \u00e1 \u00cdslandi.<\/div>\n<div>\u2022 a\u00f0 styrkja st\u00f6\u00f0u s\u00edna sem helsta samt\u00edmalistastofnun landsins.<\/div>\n<p>H\u00e9r m\u00e1 lesa um <a href=\"http:\/\/www.nylo.is\/index.php?option=content&amp;task=view&amp;id=563&amp;Itemid=269\" target=\"_blank\">undirb\u00faning afhendingar safnsins<\/a> og h\u00e9r er a\u00f0 finna <a href=\"http:\/\/nylo.is\/index.php?option=com_content&amp;task=view&amp;Itemid=179&amp;id=703\" target=\"_blank\">l\u00fdsingu og myndir af n\u00fdju h\u00fasn\u00e6\u00f0i N\u00fdlistasafnsins<\/a>.<\/p>\n<p>SB<\/p>\n","protected":false},"excerpt":{"rendered":"<p>15. febr\u00faar 2010 var skjalasafn N\u00fdlistasafnsins formlega afhent Borgarskjalasafni Reykjav\u00edkur til var\u00f0veislu. Um er a\u00f0 r\u00e6\u00f0a um 12 hillumetra af skj\u00f6lum og n\u00e6r \u00fea\u00f0 allt fr\u00e1 stofnun safnsins \u00e1ri\u00f0 1978 til \u00e1rsins 2007. Um er a\u00f0 r\u00e6\u00f0a br\u00e9fasafn, dagb\u00e6kur, s\u00fdningarg\u00f6gn,<\/p>\n","protected":false},"author":2,"featured_media":0,"comment_status":"closed","ping_status":"closed","sticky":false,"template":"","format":"standard","meta":{"footnotes":""},"categories":[5],"tags":[],"class_list":["post-192","post","type-post","status-publish","format-standard","hentry","category-frettir"],"_links":{"self":[{"href":"https:\/\/heradsskjalasafn.is\/index.php?rest_route=\/wp\/v2\/posts\/192","targetHints":{"allow":["GET"]}}],"collection":[{"href":"https:\/\/heradsskjalasafn.is\/index.php?rest_route=\/wp\/v2\/posts"}],"about":[{"href":"https:\/\/heradsskjalasafn.is\/index.php?rest_route=\/wp\/v2\/types\/post"}],"author":[{"embeddable":true,"href":"https:\/\/heradsskjalasafn.is\/index.php?rest_route=\/wp\/v2\/users\/2"}],"replies":[{"embeddable":true,"href":"https:\/\/heradsskjalasafn.is\/index.php?rest_route=%2Fwp%2Fv2%2Fcomments&post=192"}],"version-history":[{"count":1,"href":"https:\/\/heradsskjalasafn.is\/index.php?rest_route=\/wp\/v2\/posts\/192\/revisions"}],"predecessor-version":[{"id":193,"href":"https:\/\/heradsskjalasafn.is\/index.php?rest_route=\/wp\/v2\/posts\/192\/revisions\/193"}],"wp:attachment":[{"href":"https:\/\/heradsskjalasafn.is\/index.php?rest_route=%2Fwp%2Fv2%2Fmedia&parent=192"}],"wp:term":[{"taxonomy":"category","embeddable":true,"href":"https:\/\/heradsskjalasafn.is\/index.php?rest_route=%2Fwp%2Fv2%2Fcategories&post=192"},{"taxonomy":"post_tag","embeddable":true,"href":"https:\/\/heradsskjalasafn.is\/index.php?rest_route=%2Fwp%2Fv2%2Ftags&post=192"}],"curies":[{"name":"wp","href":"https:\/\/api.w.org\/{rel}","templated":true}]}}