{"id":190,"date":"2010-02-16T09:25:54","date_gmt":"2010-02-16T09:25:54","guid":{"rendered":"http:\/\/wp2.edge.is\/?p=190"},"modified":"2016-11-04T09:26:14","modified_gmt":"2016-11-04T09:26:14","slug":"safnanott-a-heradsskjalasafni-kopavogs","status":"publish","type":"post","link":"https:\/\/heradsskjalasafn.is\/?p=190","title":{"rendered":"Safnan\u00f3tt \u00e1 H\u00e9ra\u00f0sskjalasafni K\u00f3pavogs"},"content":{"rendered":"<p align=\"justify\">H\u00e9ra\u00f0sskjalasafn K\u00f3pavogs var me\u00f0 opi\u00f0 h\u00fas \u00e1 Safnan\u00f3tt f\u00f6studaginn 12. febr\u00faar s\u00ed\u00f0astli\u00f0inn \u00fear sem s\u00fdningin <em>P\u00f3lit\u00edskir draumar og martra\u00f0ir<\/em> var opnu\u00f0. \u00deetta var \u00ed fyrsta sinn sem s\u00f6fn utan Reykjav\u00edkur t\u00f3ku \u00fe\u00e1tt \u00ed safnan\u00f3tt, en auk safnanna \u00ed K\u00f3pavogi (B\u00f3kasafn K\u00f3pavogs, N\u00e1tt\u00farufr\u00e6\u00f0istofa K\u00f3pavogs, Ger\u00f0arsafn og T\u00f3nlistarsafn \u00cdslands og H\u00e9ra\u00f0sskjalasafni\u00f0) og \u00ed Reykjav\u00edk bu\u00f0u s\u00f6fn \u00ed Hafnarfir\u00f0i, Gar\u00f0ab\u00e6, Seltjarnarnesi og Mosfellsb\u00e6 upp \u00e1 dagskr\u00e1.<\/p>\n<p>&nbsp;<\/p>\n<p><a href=\"http:\/\/wp1.edge.is\/wp-content\/uploads\/2014\/12\/safnanott_logo.jpg\"><img loading=\"lazy\" decoding=\"async\" class=\"alignnone wp-image-474\" src=\"http:\/\/wp1.edge.is\/wp-content\/uploads\/2014\/12\/safnanott_logo.jpg\" alt=\"safnanott_logo\" width=\"499\" height=\"289\" \/><\/a><\/p>\n<p align=\"justify\">\u00c1 s\u00fdningu H\u00e9ra\u00f0sskjalasafns K\u00f3pavogs var p\u00f3lit\u00edk \u00ed forgrunni. S\u00fdndir voru augl\u00fdsingap\u00e9sar flokka sem bo\u00f0i\u00f0 hafa fram \u00ed sveitarstj\u00f3rnarkosningum \u00ed K\u00f3pavogshreppi og K\u00f3pavogskaupsta\u00f0 fr\u00e1 1946 til 2002, pr\u00f3fkj\u00f6rum 1970 og 1982 var gefinn s\u00e9rstakur gaumur, en \u00ed \u00feessi tv\u00f6 skipti h\u00e9ldu \u00f6ll frambo\u00f0 eitt sameiginlegt pr\u00f3fkj\u00f6r, auk \u00feess sem \u00e1r\u00f3\u00f0ursspj\u00f6ld Wilhelms Ernst Beckmanns fr\u00e1 4. \u00e1ratug li\u00f0innar aldar voru s\u00fdnd, auk annarra \u00e1r\u00f3\u00f0ursspjalda fr\u00e1 li\u00f0num \u00e1ratugum. Margt fleira var einnig \u00e1 s\u00fdningunni sem of langt m\u00e1l er a\u00f0 telja upp h\u00e9r. Svarbl\u00f6\u00f0um \u00ed Safnan\u00e6turleiknum g\u00e1tu gestir skila\u00f0 \u00ed \u00f3svikinn kj\u00f6rkassa og n\u00fdttu margir af yngri kynsl\u00f3\u00f0inni s\u00e9r \u00feessa kosninga\u00fej\u00e1lfun.<\/p>\n<p><a href=\"http:\/\/wp1.edge.is\/wp-content\/uploads\/2014\/12\/kassi1.jpg\"><img loading=\"lazy\" decoding=\"async\" class=\"alignnone wp-image-482\" src=\"http:\/\/wp1.edge.is\/wp-content\/uploads\/2014\/12\/kassi1.jpg\" alt=\"OLYMPUS DIGITAL CAMERA\" width=\"499\" height=\"374\" \/><\/a><\/p>\n<p><a href=\"http:\/\/wp1.edge.is\/wp-content\/uploads\/2014\/12\/kassi2.jpg\"><img loading=\"lazy\" decoding=\"async\" class=\"alignnone size-medium wp-image-483\" src=\"http:\/\/wp1.edge.is\/wp-content\/uploads\/2014\/12\/kassi2.jpg\" alt=\"OLYMPUS DIGITAL CAMERA\" width=\"300\" height=\"225\" \/><\/a><\/p>\n<p align=\"left\"><em>\u00dev\u00ed mi\u00f0ur var engin myndav\u00e9l \u00e1 safninu \u00e1 Safnan\u00f3tt en h\u00e9r eru nokkrar myndir teknar af s\u00fdningunni m\u00e1nudaginn 15. febr\u00faar.<\/em><\/p>\n<p align=\"justify\">Gestir H\u00e9ra\u00f0sskjalasafnsins \u00e1 Safnan\u00f3tt voru um 90 talsins og er \u00fea\u00f0 nokku\u00f0 g\u00f3\u00f0ur \u00e1rangur mi\u00f0a\u00f0 vi\u00f0 sta\u00f0setningu \u00feess \u00e1 \u00feri\u00f0ju h\u00e6\u00f0 \u00ed skrifstofubyggingu \u00ed \u00fatja\u00f0ri safnasv\u00e6\u00f0isins \u00ed K\u00f3pavogi. Ger\u00f0u gestir g\u00f3\u00f0an r\u00f3m a\u00f0 s\u00fdningunni og voru \u00e1hugasamir um starfsemi safnsins, enda flestir a\u00f0 koma \u00ed fyrsta sinn. Allnokkrir b\u00e6jarfulltr\u00faar b\u00e6\u00f0i n\u00faverandi og fyrrverandi heims\u00f3ttu safni\u00f0 og skemmtu s\u00e9r vi\u00f0 a\u00f0 rifja upp s\u00f6gur \u00far b\u00e6jarp\u00f3lit\u00edkinni fr\u00e1 gamalli t\u00ed\u00f0 og kynntu s\u00e9r hvernig p\u00f3lit\u00edkin var \u00e1\u00f0ur en \u00feeir komu til skjalanna.<\/p>\n<p align=\"left\"><a href=\"http:\/\/wp1.edge.is\/wp-content\/uploads\/2014\/12\/syning1.jpg\"><img loading=\"lazy\" decoding=\"async\" class=\"alignnone size-full wp-image-484\" src=\"http:\/\/wp1.edge.is\/wp-content\/uploads\/2014\/12\/syning1.jpg\" alt=\"OLYMPUS DIGITAL CAMERA\" width=\"500\" height=\"375\" \/><\/a><\/p>\n<p align=\"left\">\u00c1hrifa s\u00fdningarinnar er strax fari\u00f0 a\u00f0 g\u00e6ta \u00fev\u00ed hi\u00f0 minnsta tv\u00e6r skjalaafhendingar skila s\u00e9r til safnsins beinl\u00ednis vegna Safnan\u00e6tur.<\/p>\n<div align=\"right\">GMH<\/div>\n","protected":false},"excerpt":{"rendered":"<p>H\u00e9ra\u00f0sskjalasafn K\u00f3pavogs var me\u00f0 opi\u00f0 h\u00fas \u00e1 Safnan\u00f3tt f\u00f6studaginn 12. febr\u00faar s\u00ed\u00f0astli\u00f0inn \u00fear sem s\u00fdningin P\u00f3lit\u00edskir draumar og martra\u00f0ir var opnu\u00f0. \u00deetta var \u00ed fyrsta sinn sem s\u00f6fn utan Reykjav\u00edkur t\u00f3ku \u00fe\u00e1tt \u00ed safnan\u00f3tt, en auk safnanna \u00ed K\u00f3pavogi (B\u00f3kasafn<\/p>\n","protected":false},"author":2,"featured_media":0,"comment_status":"closed","ping_status":"closed","sticky":false,"template":"","format":"standard","meta":{"footnotes":""},"categories":[5],"tags":[],"class_list":["post-190","post","type-post","status-publish","format-standard","hentry","category-frettir"],"_links":{"self":[{"href":"https:\/\/heradsskjalasafn.is\/index.php?rest_route=\/wp\/v2\/posts\/190","targetHints":{"allow":["GET"]}}],"collection":[{"href":"https:\/\/heradsskjalasafn.is\/index.php?rest_route=\/wp\/v2\/posts"}],"about":[{"href":"https:\/\/heradsskjalasafn.is\/index.php?rest_route=\/wp\/v2\/types\/post"}],"author":[{"embeddable":true,"href":"https:\/\/heradsskjalasafn.is\/index.php?rest_route=\/wp\/v2\/users\/2"}],"replies":[{"embeddable":true,"href":"https:\/\/heradsskjalasafn.is\/index.php?rest_route=%2Fwp%2Fv2%2Fcomments&post=190"}],"version-history":[{"count":1,"href":"https:\/\/heradsskjalasafn.is\/index.php?rest_route=\/wp\/v2\/posts\/190\/revisions"}],"predecessor-version":[{"id":191,"href":"https:\/\/heradsskjalasafn.is\/index.php?rest_route=\/wp\/v2\/posts\/190\/revisions\/191"}],"wp:attachment":[{"href":"https:\/\/heradsskjalasafn.is\/index.php?rest_route=%2Fwp%2Fv2%2Fmedia&parent=190"}],"wp:term":[{"taxonomy":"category","embeddable":true,"href":"https:\/\/heradsskjalasafn.is\/index.php?rest_route=%2Fwp%2Fv2%2Fcategories&post=190"},{"taxonomy":"post_tag","embeddable":true,"href":"https:\/\/heradsskjalasafn.is\/index.php?rest_route=%2Fwp%2Fv2%2Ftags&post=190"}],"curies":[{"name":"wp","href":"https:\/\/api.w.org\/{rel}","templated":true}]}}