{"id":188,"date":"2010-02-12T09:25:16","date_gmt":"2010-02-12T09:25:16","guid":{"rendered":"http:\/\/wp2.edge.is\/?p=188"},"modified":"2016-11-04T09:25:34","modified_gmt":"2016-11-04T09:25:34","slug":"skjol-a-haiti-i-haettu","status":"publish","type":"post","link":"https:\/\/heradsskjalasafn.is\/?p=188","title":{"rendered":"Skj\u00f6l \u00e1 Ha\u00edt\u00ed \u00ed h\u00e6ttu"},"content":{"rendered":"<div>\n<p>Unni\u00f0 er a\u00f0 \u00fev\u00ed a\u00f0 bjarga skj\u00f6lum \u00far r\u00fastum opinberra bygginga \u00e1 Ha\u00edt\u00ed. Mikilv\u00e6gt er a\u00f0 \u00feetta gerist hratt \u00fear sem regnt\u00edminn er a\u00f0 hefjast. Einkum er \u00fe\u00f6rf \u00e1 vatnsheldum \u00e1brei\u00f0um til a\u00f0 leggja yfir r\u00fastir sem \u00ed eru skj\u00f6l, ver\u00f0i \u00fea\u00f0 ekki gert munu skj\u00f6lin ey\u00f0ast \u00e1 regnt\u00edmanum. Al\u00fej\u00f3\u00f0a skjalar\u00e1\u00f0i\u00f0 vinnur a\u00f0 \u00fev\u00ed a\u00f0 koma sl\u00edkum \u00e1brei\u00f0um og \u00f6\u00f0rum nau\u00f0synlegum b\u00fana\u00f0i til Port au Prince hi\u00f0 fyrsta.<\/p>\n<\/div>\n<div>\n<p>Al\u00fej\u00f3\u00f0a skjalar\u00e1\u00f0i\u00f0 reynir \u00ed gegnum tengslanet Bl\u00e1a skjaldarins a\u00f0 afla \u00e1rei\u00f0anlegra uppl\u00fdsinga um \u00fea\u00f0 tj\u00f3n sem or\u00f0i\u00f0 hefur \u00e1 menningarver\u00f0m\u00e6tum \u00e1 Ha\u00edt\u00ed. Allar \u00fe\u00e6r uppl\u00fdsingar munu ger\u00f0ar a\u00f0gengilegar r\u00edkisstj\u00f3rnum og samt\u00f6kum \u00ed sk\u00fdrslu \u00fear sem grein ver\u00f0ur ger\u00f0 fyrir \u00fev\u00ed hvernig best er a\u00f0 standa a\u00f0 \u00fev\u00ed a\u00f0 tryggja \u00f6ryggi menningararfs landsins.<\/p>\n<\/div>\n<div>\n<p>Sj\u00e1 yfirl\u00fdsingu Al\u00fej\u00f3\u00f0a skjalar\u00e1\u00f0sins. <a href=\"http:\/\/www.ica.org\/en\/2010\/02\/11\/ica-statement-haiti-needs\" target=\"_blank\">http:\/\/www.ica.org\/en\/2010\/02\/11\/ica-statement-haiti-needs<\/a><\/p>\n<\/div>\n","protected":false},"excerpt":{"rendered":"<p>Unni\u00f0 er a\u00f0 \u00fev\u00ed a\u00f0 bjarga skj\u00f6lum \u00far r\u00fastum opinberra bygginga \u00e1 Ha\u00edt\u00ed. Mikilv\u00e6gt er a\u00f0 \u00feetta gerist hratt \u00fear sem regnt\u00edminn er a\u00f0 hefjast. Einkum er \u00fe\u00f6rf \u00e1 vatnsheldum \u00e1brei\u00f0um til a\u00f0 leggja yfir r\u00fastir sem \u00ed eru skj\u00f6l,<\/p>\n","protected":false},"author":2,"featured_media":0,"comment_status":"closed","ping_status":"closed","sticky":false,"template":"","format":"standard","meta":{"footnotes":""},"categories":[5],"tags":[],"class_list":["post-188","post","type-post","status-publish","format-standard","hentry","category-frettir"],"_links":{"self":[{"href":"https:\/\/heradsskjalasafn.is\/index.php?rest_route=\/wp\/v2\/posts\/188","targetHints":{"allow":["GET"]}}],"collection":[{"href":"https:\/\/heradsskjalasafn.is\/index.php?rest_route=\/wp\/v2\/posts"}],"about":[{"href":"https:\/\/heradsskjalasafn.is\/index.php?rest_route=\/wp\/v2\/types\/post"}],"author":[{"embeddable":true,"href":"https:\/\/heradsskjalasafn.is\/index.php?rest_route=\/wp\/v2\/users\/2"}],"replies":[{"embeddable":true,"href":"https:\/\/heradsskjalasafn.is\/index.php?rest_route=%2Fwp%2Fv2%2Fcomments&post=188"}],"version-history":[{"count":1,"href":"https:\/\/heradsskjalasafn.is\/index.php?rest_route=\/wp\/v2\/posts\/188\/revisions"}],"predecessor-version":[{"id":189,"href":"https:\/\/heradsskjalasafn.is\/index.php?rest_route=\/wp\/v2\/posts\/188\/revisions\/189"}],"wp:attachment":[{"href":"https:\/\/heradsskjalasafn.is\/index.php?rest_route=%2Fwp%2Fv2%2Fmedia&parent=188"}],"wp:term":[{"taxonomy":"category","embeddable":true,"href":"https:\/\/heradsskjalasafn.is\/index.php?rest_route=%2Fwp%2Fv2%2Fcategories&post=188"},{"taxonomy":"post_tag","embeddable":true,"href":"https:\/\/heradsskjalasafn.is\/index.php?rest_route=%2Fwp%2Fv2%2Ftags&post=188"}],"curies":[{"name":"wp","href":"https:\/\/api.w.org\/{rel}","templated":true}]}}