{"id":186,"date":"2010-02-08T09:23:59","date_gmt":"2010-02-08T09:23:59","guid":{"rendered":"http:\/\/wp2.edge.is\/?p=186"},"modified":"2016-11-04T09:24:21","modified_gmt":"2016-11-04T09:24:21","slug":"skjalasofn-a-safnanott","status":"publish","type":"post","link":"https:\/\/heradsskjalasafn.is\/?p=186","title":{"rendered":"Skjalas\u00f6fn \u00e1 Safnan\u00f3tt"},"content":{"rendered":"<p>H\u00e9ra\u00f0sskjalasafn K\u00f3pavogs, Borgarskjalasafn og \u00dej\u00f3\u00f0skjalasafn \u00cdslands bj\u00f3\u00f0a upp \u00e1 spennandi dagskr\u00e1 \u00e1 Safnan\u00f3tt f\u00f6studaginn 12. febr\u00faar nk.<\/p>\n<p><a href=\"http:\/\/wp1.edge.is\/wp-content\/uploads\/2014\/12\/safnanott_logo.jpg\"><img loading=\"lazy\" decoding=\"async\" class=\"alignnone  wp-image-474\" src=\"http:\/\/wp1.edge.is\/wp-content\/uploads\/2014\/12\/safnanott_logo.jpg\" alt=\"safnanott_logo\" width=\"513\" height=\"307\" \/><\/a><\/p>\n<p>&nbsp;<\/p>\n<p>&nbsp;<\/p>\n<p>\u00c1 \u00feri\u00f0ju h\u00e6\u00f0 \u00ed Hamraborg 1 \u00ed K\u00f3pavogi ver\u00f0ur s\u00fdningin \u201eP\u00f3lit\u00edskir draumar og martra\u00f0ir\u201c opnu\u00f0 \u00ed H\u00e9ra\u00f0sskjalasafni K\u00f3pavogs. \u00c1 henni munu gestir geta kynnt s\u00e9r s\u00f6gu kosninga \u00ed K\u00f3pavogi fr\u00e1 \u00fev\u00ed um 1950 til dagsins \u00ed dag. S\u00fdndur ver\u00f0ur p\u00f3lit\u00edskur \u00e1r\u00f3\u00f0ur, p\u00f3lit\u00edsk m\u00fas\u00edk ver\u00f0ur leikin og m\u00f6gulega munu gestir geta \u00e6ft sig \u00ed kosningum \u00ed kj\u00f6rklefa og me\u00f0 kj\u00f6rkassa.<\/p>\n<p>&nbsp;<\/p>\n<p><a href=\"http:\/\/wp1.edge.is\/wp-content\/uploads\/2014\/12\/verksmminni.jpg\"><img loading=\"lazy\" decoding=\"async\" class=\"alignnone size-full wp-image-475\" src=\"http:\/\/wp1.edge.is\/wp-content\/uploads\/2014\/12\/verksmminni.jpg\" alt=\"verksmminni\" width=\"314\" height=\"528\" \/><\/a><\/p>\n<p>Borgarskjalasafn ver\u00f0ur me\u00f0 fj\u00f6lbreytta dagskr\u00e1; klezmert\u00f3nlist Varsj\u00e1rbandalagsins, draumr\u00e1\u00f0ningar, kynning \u00e1 h\u00e9ra\u00f0sskjalas\u00f6fnunum \u00e1 \u00cdslandi, s\u00fdningar \u00e1 skj\u00f6lum, frumflutning \u00e1 dansverki og margt fleira.<\/p>\n<p>&nbsp;<\/p>\n<p><a href=\"http:\/\/wp1.edge.is\/wp-content\/uploads\/2014\/12\/005_01.jpg\"><img loading=\"lazy\" decoding=\"async\" class=\"alignnone size-full wp-image-476\" src=\"http:\/\/wp1.edge.is\/wp-content\/uploads\/2014\/12\/005_01.jpg\" alt=\"005_01\" width=\"400\" height=\"300\" \/><\/a><\/p>\n<p>\u00dej\u00f3\u00f0skjalasafn b\u00fd\u00f0ur m.a. upp \u00e1 getraun \u00ed r\u00e1\u00f0ningu fornrar skriftar, kynningu \u00e1 manntalsgagnagrunninum www.manntal.is og kynnningu \u00e1 \u00e6ttfr\u00e6\u00f0iranns\u00f3knum sem og s\u00fdningu \u00e1 skj\u00f6lum og fyrirlestra um sk\u00f3lapilta \u00ed Sk\u00e1lholti og ra\u00f0mor\u00f0ingja.<\/p>\n<p>&nbsp;<\/p>\n<p><a href=\"http:\/\/wp1.edge.is\/wp-content\/uploads\/2014\/12\/holahr_01_600.png\"><img loading=\"lazy\" decoding=\"async\" class=\"alignnone size-full wp-image-477\" src=\"http:\/\/wp1.edge.is\/wp-content\/uploads\/2014\/12\/holahr_01_600.png\" alt=\"holahr_01_600\" width=\"314\" height=\"500\" \/><\/a><\/p>\n<p>Dagskr\u00e1 Safnan\u00e6tur \u00ed heild er a\u00f0 finna \u00e1 <a href=\"http:\/\/www.safnanott.is\/\" target=\"_blank\">heimas\u00ed\u00f0u Safnan\u00e6tur<\/a>.<\/p>\n<p>Ekki l\u00e1ta \u00feig vanta \u00e1 skjalas\u00f6fnin \u00e1 Safnan\u00f3tt!<\/p>\n<p>GMH<\/p>\n","protected":false},"excerpt":{"rendered":"<p>H\u00e9ra\u00f0sskjalasafn K\u00f3pavogs, Borgarskjalasafn og \u00dej\u00f3\u00f0skjalasafn \u00cdslands bj\u00f3\u00f0a upp \u00e1 spennandi dagskr\u00e1 \u00e1 Safnan\u00f3tt f\u00f6studaginn 12. febr\u00faar nk. &nbsp; &nbsp; \u00c1 \u00feri\u00f0ju h\u00e6\u00f0 \u00ed Hamraborg 1 \u00ed K\u00f3pavogi ver\u00f0ur s\u00fdningin \u201eP\u00f3lit\u00edskir draumar og martra\u00f0ir\u201c opnu\u00f0 \u00ed H\u00e9ra\u00f0sskjalasafni K\u00f3pavogs. \u00c1 henni munu<\/p>\n","protected":false},"author":2,"featured_media":0,"comment_status":"closed","ping_status":"closed","sticky":false,"template":"","format":"standard","meta":{"footnotes":""},"categories":[5],"tags":[],"class_list":["post-186","post","type-post","status-publish","format-standard","hentry","category-frettir"],"_links":{"self":[{"href":"https:\/\/heradsskjalasafn.is\/index.php?rest_route=\/wp\/v2\/posts\/186","targetHints":{"allow":["GET"]}}],"collection":[{"href":"https:\/\/heradsskjalasafn.is\/index.php?rest_route=\/wp\/v2\/posts"}],"about":[{"href":"https:\/\/heradsskjalasafn.is\/index.php?rest_route=\/wp\/v2\/types\/post"}],"author":[{"embeddable":true,"href":"https:\/\/heradsskjalasafn.is\/index.php?rest_route=\/wp\/v2\/users\/2"}],"replies":[{"embeddable":true,"href":"https:\/\/heradsskjalasafn.is\/index.php?rest_route=%2Fwp%2Fv2%2Fcomments&post=186"}],"version-history":[{"count":1,"href":"https:\/\/heradsskjalasafn.is\/index.php?rest_route=\/wp\/v2\/posts\/186\/revisions"}],"predecessor-version":[{"id":187,"href":"https:\/\/heradsskjalasafn.is\/index.php?rest_route=\/wp\/v2\/posts\/186\/revisions\/187"}],"wp:attachment":[{"href":"https:\/\/heradsskjalasafn.is\/index.php?rest_route=%2Fwp%2Fv2%2Fmedia&parent=186"}],"wp:term":[{"taxonomy":"category","embeddable":true,"href":"https:\/\/heradsskjalasafn.is\/index.php?rest_route=%2Fwp%2Fv2%2Fcategories&post=186"},{"taxonomy":"post_tag","embeddable":true,"href":"https:\/\/heradsskjalasafn.is\/index.php?rest_route=%2Fwp%2Fv2%2Ftags&post=186"}],"curies":[{"name":"wp","href":"https:\/\/api.w.org\/{rel}","templated":true}]}}