{"id":184,"date":"2010-02-03T09:22:46","date_gmt":"2010-02-03T09:22:46","guid":{"rendered":"http:\/\/wp2.edge.is\/?p=184"},"modified":"2016-11-04T09:23:08","modified_gmt":"2016-11-04T09:23:08","slug":"atak-biskups-islands-og-felags-heradsskjalavarda-um-sofnun-skjala-soknarnefnda","status":"publish","type":"post","link":"https:\/\/heradsskjalasafn.is\/?p=184","title":{"rendered":"\u00c1tak Biskups \u00cdslands og F\u00e9lags h\u00e9ra\u00f0sskjalavar\u00f0a um s\u00f6fnun skjala s\u00f3knarnefnda"},"content":{"rendered":"<p><em>Biskup \u00cdslands hr. Karl Sigurbj\u00f6rnsson og Hrafn Sveinbjarnarson h\u00e9ra\u00f0sskjalav\u00f6r\u00f0ur \u00ed K\u00f3pavogi sko\u00f0a skj\u00f6l s\u00f3knarnefndar K\u00f3pavogskirkju \u00e1 D\u00f3mkirkjuloftinu \u00e1 fr\u00e9ttamannafundi 3. febr\u00faar 2010.<\/em><\/p>\n<p><a href=\"http:\/\/www.flickr.com\/photos\/kirkjan\/sets\/72157623218270335\/show\/with\/4328165254\/\" target=\"_blank\">Fleiri myndir<\/a><\/p>\n<p>\u00c1tak um s\u00f6fnun skjala s\u00f3knarnefnda h\u00f3fst me\u00f0 bla\u00f0amannafundi Biskups \u00cdslands og F\u00e9lags h\u00e9ra\u00f0sskjalavar\u00f0a \u00e1 D\u00f3mkirkjuloftinu \u00ed Reykjav\u00edk 3. febr\u00faar 2010. Sta\u00f0arvali\u00f0 var t\u00e1knr\u00e6nt \u00fev\u00ed \u00e1 D\u00f3mkirkjuloftinu var stofnu\u00f0 fyrsta opinbera skjalav\u00f6rslustofnun \u00cdslands einv\u00f6r\u00f0ungu til \u00feess a\u00f0 var\u00f0veita skj\u00f6l, Landsskjalasafni\u00f0 \u00e1ri\u00f0 1882, en \u00fea\u00f0 hlaut \u00e1ri\u00f0 1915 nafni\u00f0 \u00dej\u00f3\u00f0skjalasafn \u00cdslands. \u00dej\u00f3\u00f0skjalasafni\u00f0 er fagleg yfirstofnun h\u00e9ra\u00f0sskjalasafnanna. Vi\u00f0 \u00feetta t\u00e6kif\u00e6ri flutti Hrafn Sveinbjarnarson h\u00e9ra\u00f0sskjalav\u00f6r\u00f0ur \u00ed K\u00f3pavogi <a href=\"http:\/\/wp1.edge.is\/pistill-um-soknarnefndir-vegna-ataks-um-sofnun-skjala-soknarnefnda\/\">pistil um s\u00f3knarnefndir<\/a>.<\/p>\n<p>S\u00f3knarnefndir hafa haft mikil \u00e1hrif \u00e1 menningar- og tr\u00faarl\u00edf landsmanna \u00ed gegnum t\u00ed\u00f0ina. \u00cd g\u00f6gnum s\u00f3knarnefnda leynast \u00fev\u00ed m\u00f6rg merkileg s\u00f6guleg g\u00f6gn sem er mikilv\u00e6gt a\u00f0 var\u00f0veita fyrir komandi kynsl\u00f3\u00f0ir. Misjafnt getur veri\u00f0 hvers konar g\u00f6gn einstakar s\u00f3knarnefndir var\u00f0veita. Allar hafa nefndirnar \u00fe\u00f3 haldi\u00f0 fundager\u00f0ab\u00e6kur og gert \u00e1rsreikninga. \u00de\u00e1 g\u00e6tu veri\u00f0 \u00ed f\u00f3rum nefndanna margv\u00edsleg g\u00f6gn sem tengjast kirkjubyggingum, kirkjuk\u00f3rum og kirkjug\u00f6r\u00f0um, svo d\u00e6mi s\u00e9u nefnd.<span id=\"more-466\"><\/span><\/p>\n<p>H\u00e9ra\u00f0skjalas\u00f6fnin munu sj\u00e1 um a\u00f0 skr\u00e1 og ganga fr\u00e1 skj\u00f6lum s\u00f3knarnefndanna \u00feeim a\u00f0 kostna\u00f0arlausu. \u00deeir einstaklingar sem hafa \u00ed f\u00f3rum s\u00ednum skj\u00f6l sem var\u00f0a starfsemi s\u00f3knarnefnda eru einnig hvattir til a\u00f0 skila \u00feeim til s\u00edns h\u00e9ra\u00f0sskjalasafns. Best er a\u00f0 f\u00e1 skj\u00f6lin \u00ed sem upprunalegasta \u00e1standi, \u00fe.e. \u00f3flokku\u00f0.<\/p>\n<p>H\u00e9ra\u00f0skjalas\u00f6fn landsins eru alls 20 talsins og var\u00f0veita \u00feau skj\u00f6l stofnana og fyrirt\u00e6kja \u00feeirra sveitarf\u00e9laga sem undir \u00feau heyra. \u00deau hafa einnig eftirlit me\u00f0 skjalastj\u00f3rn afhendingarskylda a\u00f0ila og veita \u00feeim r\u00e1\u00f0gj\u00f6f. H\u00e9ra\u00f0skjalas\u00f6fnin taka einnig til var\u00f0veislu skj\u00f6l einstaklinga, f\u00e9laga og fyrirt\u00e6kja \u00e1 safnsv\u00e6\u00f0inu en \u00feau skj\u00f6l veita okkur \u00f3metanlega mynd af s\u00f6gu og mannl\u00edfi vi\u00f0komandi bygg\u00f0arlags.<\/p>\n<p>H\u00e9ra\u00f0sskjalas\u00f6fn efna n\u00fa til \u00e1taks me\u00f0 Biskupi \u00cdslands \u00ed \u00fev\u00ed skyni a\u00f0 hvetja s\u00f3knarnefndir til a\u00f0 var\u00f0veita s\u00f6gu s\u00edna me\u00f0 \u00fev\u00ed a\u00f0 koma skj\u00f6lunum \u00e1 n\u00e6sta h\u00e9ra\u00f0skjalasafn \u00ed \u00fev\u00ed skyni a\u00f0 skj\u00f6lin var\u00f0veitist \u00e1 \u00f6ruggum sta\u00f0. Forsvarsmenn s\u00f3knarnefnda, og \u00feeir sem hafa undir h\u00f6ndum skj\u00f6l s\u00f3knarnefnda, eru \u00fev\u00ed hvattir til a\u00f0 hafa samband vi\u00f0 n\u00e6sta h\u00e9ra\u00f0skjalasafn var\u00f0andi n\u00e1nari uppl\u00fdsingar e\u00f0a koma skj\u00f6lunum til \u00feeirra til var\u00f0veislu.<\/p>\n<p>Helstu l\u00f6g og reglur er var\u00f0a starfsemi s\u00f3knarnefnda fr\u00e1 1880 til vorra daga er a\u00f0 finna undir samstarfsverkefni ne\u00f0st \u00e1 s\u00ed\u00f0unni.<\/p>\n","protected":false},"excerpt":{"rendered":"<p>Biskup \u00cdslands hr. Karl Sigurbj\u00f6rnsson og Hrafn Sveinbjarnarson h\u00e9ra\u00f0sskjalav\u00f6r\u00f0ur \u00ed K\u00f3pavogi sko\u00f0a skj\u00f6l s\u00f3knarnefndar K\u00f3pavogskirkju \u00e1 D\u00f3mkirkjuloftinu \u00e1 fr\u00e9ttamannafundi 3. febr\u00faar 2010. Fleiri myndir \u00c1tak um s\u00f6fnun skjala s\u00f3knarnefnda h\u00f3fst me\u00f0 bla\u00f0amannafundi Biskups \u00cdslands og F\u00e9lags h\u00e9ra\u00f0sskjalavar\u00f0a \u00e1 D\u00f3mkirkjuloftinu \u00ed<\/p>\n","protected":false},"author":2,"featured_media":0,"comment_status":"closed","ping_status":"closed","sticky":false,"template":"","format":"standard","meta":{"footnotes":""},"categories":[5],"tags":[],"class_list":["post-184","post","type-post","status-publish","format-standard","hentry","category-frettir"],"_links":{"self":[{"href":"https:\/\/heradsskjalasafn.is\/index.php?rest_route=\/wp\/v2\/posts\/184","targetHints":{"allow":["GET"]}}],"collection":[{"href":"https:\/\/heradsskjalasafn.is\/index.php?rest_route=\/wp\/v2\/posts"}],"about":[{"href":"https:\/\/heradsskjalasafn.is\/index.php?rest_route=\/wp\/v2\/types\/post"}],"author":[{"embeddable":true,"href":"https:\/\/heradsskjalasafn.is\/index.php?rest_route=\/wp\/v2\/users\/2"}],"replies":[{"embeddable":true,"href":"https:\/\/heradsskjalasafn.is\/index.php?rest_route=%2Fwp%2Fv2%2Fcomments&post=184"}],"version-history":[{"count":1,"href":"https:\/\/heradsskjalasafn.is\/index.php?rest_route=\/wp\/v2\/posts\/184\/revisions"}],"predecessor-version":[{"id":185,"href":"https:\/\/heradsskjalasafn.is\/index.php?rest_route=\/wp\/v2\/posts\/184\/revisions\/185"}],"wp:attachment":[{"href":"https:\/\/heradsskjalasafn.is\/index.php?rest_route=%2Fwp%2Fv2%2Fmedia&parent=184"}],"wp:term":[{"taxonomy":"category","embeddable":true,"href":"https:\/\/heradsskjalasafn.is\/index.php?rest_route=%2Fwp%2Fv2%2Fcategories&post=184"},{"taxonomy":"post_tag","embeddable":true,"href":"https:\/\/heradsskjalasafn.is\/index.php?rest_route=%2Fwp%2Fv2%2Ftags&post=184"}],"curies":[{"name":"wp","href":"https:\/\/api.w.org\/{rel}","templated":true}]}}