{"id":182,"date":"2010-02-02T09:21:59","date_gmt":"2010-02-02T09:21:59","guid":{"rendered":"http:\/\/wp2.edge.is\/?p=182"},"modified":"2016-11-04T09:22:24","modified_gmt":"2016-11-04T09:22:24","slug":"bjorn-palsson-laetur-af-storfum","status":"publish","type":"post","link":"https:\/\/heradsskjalasafn.is\/?p=182","title":{"rendered":"Bj\u00f6rn P\u00e1lsson l\u00e6tur af st\u00f6rfum"},"content":{"rendered":"<p>Bj\u00f6rn P\u00e1lsson l\u00e9t af st\u00f6rfum \u00e1 H\u00e9ra\u00f0sskjalasafni \u00c1rnesinga n\u00fa um m\u00e1na\u00f0arm\u00f3tin eftir 20 \u00e1ra starf og \u00fear af r\u00fam 19 \u00e1r sem h\u00e9ra\u00f0sskjalav\u00f6r\u00f0ur. Bj\u00f6rn hefur \u00fe\u00f3 fylgt safninu lengur en hann var \u00ed \u00e1hugamannaf\u00e9lagi um stofnun h\u00e9r\u00f0asskjalasafns \u00ed \u00c1rnes\u00feingi sem var\u00f0 til \u00e1 \u00fatm\u00e1nu\u00f0um 1982. \u00deremur \u00e1rum s\u00ed\u00f0ar var H\u00e9ra\u00f0sskjalasafn \u00c1rnesinga l\u00f6gformlega stofna\u00f0. Fr\u00e1 1985 til 1990 st\u00f6rfu\u00f0u Inga L\u00e1ra Baldvinsd\u00f3ttir og Erlingur Brynj\u00f3lfsson \u00e1 h\u00e9ra\u00f0sskjalasafninu. Bj\u00f6rn var svo r\u00e1\u00f0inn fyrsti h\u00e9ra\u00f0sskjalav\u00f6r\u00f0ur safnsins hausti\u00f0 1990.<\/p>\n<p><a href=\"http:\/\/wp1.edge.is\/wp-content\/uploads\/2014\/12\/her_arn_bp_starfslok.jpg\"><img loading=\"lazy\" decoding=\"async\" class=\"alignnone size-full wp-image-464\" src=\"http:\/\/wp1.edge.is\/wp-content\/uploads\/2014\/12\/her_arn_bp_starfslok.jpg\" alt=\"her_arn_bp_starfslok\" width=\"666\" height=\"889\" \/><\/a><\/p>\n<p><em>Bj\u00f6rn P\u00e1lsson fyrrverandi h\u00e9ra\u00f0sskjalav\u00f6r\u00f0ur \u00ed einni af skjalageymslum\u00a0<\/em><em>H\u00e9ra\u00f0sskjalasafns \u00c1rnesinga.<\/em><\/p>\n<p>\u00c1 \u00feessum 20 \u00e1rum hefur safni\u00f0 margfaldast a\u00f0 v\u00f6xtum inniheldur n\u00fa um 900 hillumetra af skj\u00f6lum sveitarf\u00e9laga, einstaklinga, f\u00e9laga og fyrirt\u00e6kja \u00ed \u00c1rness\u00fdslu. \u00c1samt \u00fev\u00ed a\u00f0 tryggja margv\u00edsleg r\u00e9ttindi \u00edb\u00faa s\u00fdslunnar og sveitarf\u00e9laganna er safni\u00f0 \u00f6flugur fr\u00e6\u00f0abrunnur \u00feegar kemur a\u00f0 ranns\u00f3knum \u00e1 s\u00f6gu s\u00fdslunnar.<\/p>\n<p>\u00c1 \u00feessum t\u00edmam\u00f3tum er Birni \u00feakka\u00f0 fyrir \u00fea\u00f0 mikla brautry\u00f0jandastarf sem hann hefur unni\u00f0 og honum \u00f3ska\u00f0 g\u00f3\u00f0s gengis \u00e1 n\u00fdjum vettvangi.<\/p>\n<p>\u00deTM<\/p>\n","protected":false},"excerpt":{"rendered":"<p>Bj\u00f6rn P\u00e1lsson l\u00e9t af st\u00f6rfum \u00e1 H\u00e9ra\u00f0sskjalasafni \u00c1rnesinga n\u00fa um m\u00e1na\u00f0arm\u00f3tin eftir 20 \u00e1ra starf og \u00fear af r\u00fam 19 \u00e1r sem h\u00e9ra\u00f0sskjalav\u00f6r\u00f0ur. Bj\u00f6rn hefur \u00fe\u00f3 fylgt safninu lengur en hann var \u00ed \u00e1hugamannaf\u00e9lagi um stofnun h\u00e9r\u00f0asskjalasafns \u00ed \u00c1rnes\u00feingi sem<\/p>\n","protected":false},"author":2,"featured_media":0,"comment_status":"closed","ping_status":"closed","sticky":false,"template":"","format":"standard","meta":{"footnotes":""},"categories":[5],"tags":[],"class_list":["post-182","post","type-post","status-publish","format-standard","hentry","category-frettir"],"_links":{"self":[{"href":"https:\/\/heradsskjalasafn.is\/index.php?rest_route=\/wp\/v2\/posts\/182","targetHints":{"allow":["GET"]}}],"collection":[{"href":"https:\/\/heradsskjalasafn.is\/index.php?rest_route=\/wp\/v2\/posts"}],"about":[{"href":"https:\/\/heradsskjalasafn.is\/index.php?rest_route=\/wp\/v2\/types\/post"}],"author":[{"embeddable":true,"href":"https:\/\/heradsskjalasafn.is\/index.php?rest_route=\/wp\/v2\/users\/2"}],"replies":[{"embeddable":true,"href":"https:\/\/heradsskjalasafn.is\/index.php?rest_route=%2Fwp%2Fv2%2Fcomments&post=182"}],"version-history":[{"count":1,"href":"https:\/\/heradsskjalasafn.is\/index.php?rest_route=\/wp\/v2\/posts\/182\/revisions"}],"predecessor-version":[{"id":183,"href":"https:\/\/heradsskjalasafn.is\/index.php?rest_route=\/wp\/v2\/posts\/182\/revisions\/183"}],"wp:attachment":[{"href":"https:\/\/heradsskjalasafn.is\/index.php?rest_route=%2Fwp%2Fv2%2Fmedia&parent=182"}],"wp:term":[{"taxonomy":"category","embeddable":true,"href":"https:\/\/heradsskjalasafn.is\/index.php?rest_route=%2Fwp%2Fv2%2Fcategories&post=182"},{"taxonomy":"post_tag","embeddable":true,"href":"https:\/\/heradsskjalasafn.is\/index.php?rest_route=%2Fwp%2Fv2%2Ftags&post=182"}],"curies":[{"name":"wp","href":"https:\/\/api.w.org\/{rel}","templated":true}]}}