{"id":180,"date":"2010-01-28T09:20:45","date_gmt":"2010-01-28T09:20:45","guid":{"rendered":"http:\/\/wp2.edge.is\/?p=180"},"modified":"2016-11-04T09:21:03","modified_gmt":"2016-11-04T09:21:03","slug":"onnur-yfirlysing-althjoda-skjalaradsins-um-haiti","status":"publish","type":"post","link":"https:\/\/heradsskjalasafn.is\/?p=180","title":{"rendered":"\u00d6nnur yfirl\u00fdsing Al\u00fej\u00f3\u00f0a skjalar\u00e1\u00f0sins um Ha\u00edt\u00ed"},"content":{"rendered":"<div>\n<h3>Enduruppbygging fremur en ey\u00f0ilegging<\/h3>\n<\/div>\n<p>Al\u00fej\u00f3\u00f0a skjalar\u00e1\u00f0i\u00f0 fylgist vel me\u00f0 framgangi hj\u00e1lparstarfa sem unnin eru \u00ed Port-au-Prince (Ha\u00edt\u00ed). Me\u00f0an hreinsunarstarfi mi\u00f0ar jafnt og \u00fe\u00e9tt \u00e1fram gefa \u00fe\u00e6r uppl\u00fdsingar sem berast okkur tilefni til a\u00f0 vekja athygli al\u00fej\u00f3\u00f0asamf\u00e9lagsins \u00e1 \u00fev\u00ed a\u00f0 \u00fe\u00f6rf er a\u00f0ger\u00f0a til a\u00f0 tryggja sj\u00e1lfb\u00e6ra endurreisn Ha\u00edt\u00ed. Grundvallaratri\u00f0i er a\u00f0 tryggja \u00f6ryggi svokalla\u00f0ra l\u00edfsnau\u00f0synlegra skjala. Hvort sem um er a\u00f0 r\u00e6\u00f0a skj\u00f6l \u00fej\u00f3\u00f0skr\u00e1r e\u00f0a \u00f6nnur skj\u00f6l sem gera borgurunum kleift a\u00f0 sanna \u00e1 s\u00e9r deili e\u00f0a tryggja r\u00e9ttindi s\u00edn e\u00f0a \u00f6nnur skj\u00f6l sem hafa stj\u00f3rnkerfislega \u00fe\u00fd\u00f0ingu og eru enn \u00ed r\u00e1\u00f0uneytum, \u00f6ll \u00feessi skj\u00f6l ver\u00f0a a\u00f0 nj\u00f3ta s\u00e9rstakrar verndar. \u00deau eru grundv\u00f6llur \u00feess a\u00f0 h\u00e6gt ver\u00f0i a\u00f0 koma stj\u00f3rns\u00fdslu og stj\u00f3rnm\u00e1lal\u00edfi af sta\u00f0 a\u00f0 n\u00fdju.<\/p>\n<p>\u00deessi skj\u00f6l eru a\u00f0 hluta til var\u00f0veitt af \u00dej\u00f3\u00f0skjalasafninu og a\u00f0 hluta til undir r\u00fastum hruninna opinberra bygginga. Tv\u00f6 vandam\u00e1l blasa vi\u00f0 \u00ed Port-au-Prince og \u00f6\u00f0rum borgum er or\u00f0i\u00f0 hafa fyrir jar\u00f0skj\u00e1lftanum:<\/p>\n<p>\u2013 Meira hefur bori\u00f0 \u00e1 \u00fej\u00f3fna\u00f0i \u00e1 skj\u00f6lum og ey\u00f0ileggingu \u00feeirra a\u00f0 yfirl\u00f6g\u00f0u r\u00e1\u00f0i: v\u00f6rslusta\u00f0irnir sem hafa hruni\u00f0 nj\u00f3ta ekki n\u00e6gilegrar verndar, ekki heldur a\u00f0 n\u00e6turlagi.<\/p>\n<p>\u2013 Hreinsun \u00e1 r\u00fastum stj\u00f3rns\u00fdslulega mikilv\u00e6gra bygginga: sl\u00edkt er unni\u00f0 \u00e1n \u00feess a\u00f0 tillit s\u00e9 teki\u00f0 til skjala og hluta sem h\u00e6gt v\u00e6ri a\u00f0 var\u00f0veita.<\/p>\n<p>Al\u00fej\u00f3\u00f0a skjalar\u00e1\u00f0i\u00f0 minnir r\u00edkisstj\u00f3rn Ha\u00edt\u00ed og alla \u00fe\u00e1 a\u00f0ila sem veita herna\u00f0arlega og borgaralega vernd \u00e1 Ha\u00edt\u00ed a\u00f0 \u00feessi skj\u00f6l ver\u00f0ur a\u00f0 var\u00f0veita. Markmi\u00f0i\u00f0 er a\u00f0 r\u00edkisstj\u00f3rn Ha\u00edt\u00ed geti flj\u00f3tlega teki\u00f0 til starfa \u00e1 traustum stj\u00f3rns\u00fdslulegum grunni, sem felur \u00ed s\u00e9r notkun \u00e1 uppl\u00fdsingum \u00ed skj\u00f6lunum, en einnig var\u00f0veislu \u00e1 menningu sem \u00e1 a\u00f0 berast komandi kynsl\u00f3\u00f0um.<\/p>\n<address>Conseil International des Archives (Al\u00fej\u00f3\u00f0a skjalar\u00e1\u00f0i\u00f0)<\/address>\n<address>60 rue des Francs-Bourgeois<\/address>\n<address>75003 PARIS \u2013 France<\/address>\n<address>T: 33 (0)1 40 27 61 10<\/address>\n<address>F: 33 (0)1 42 72 20 65<\/address>\n<address><a href=\"http:\/\/www.ica.org\/\" target=\"_blank\">http:\/\/www.ica.org\/<\/a><\/address>\n<p>Yfirl\u00fdsingin \u00e1 <a href=\"http:\/\/www.ica.org\/fr\/2010\/01\/27\/2e-communiqu-de-lica-sur-ha-ti-reconstruction\" target=\"_blank\">fr\u00f6nsku <\/a>og <a href=\"http:\/\/www.ica.org\/en\/2010\/01\/27\/second-ica-statement-haiti-reconstruction\" target=\"_blank\">ensku<\/a><\/p>\n<p><a href=\"http:\/\/www.ica.org\/en\/2010\/01\/14\/ica-statement-about-situation-ha-ti\" target=\"_blank\">Fyrsta yfirl\u00fdsing Al\u00fej\u00f3\u00f0a skjalar\u00e1\u00f0sins um Ha\u00edt\u00ed<\/a><\/p>\n","protected":false},"excerpt":{"rendered":"<p>Enduruppbygging fremur en ey\u00f0ilegging Al\u00fej\u00f3\u00f0a skjalar\u00e1\u00f0i\u00f0 fylgist vel me\u00f0 framgangi hj\u00e1lparstarfa sem unnin eru \u00ed Port-au-Prince (Ha\u00edt\u00ed). Me\u00f0an hreinsunarstarfi mi\u00f0ar jafnt og \u00fe\u00e9tt \u00e1fram gefa \u00fe\u00e6r uppl\u00fdsingar sem berast okkur tilefni til a\u00f0 vekja athygli al\u00fej\u00f3\u00f0asamf\u00e9lagsins \u00e1 \u00fev\u00ed a\u00f0 \u00fe\u00f6rf<\/p>\n","protected":false},"author":2,"featured_media":0,"comment_status":"closed","ping_status":"closed","sticky":false,"template":"","format":"standard","meta":{"footnotes":""},"categories":[5],"tags":[],"class_list":["post-180","post","type-post","status-publish","format-standard","hentry","category-frettir"],"_links":{"self":[{"href":"https:\/\/heradsskjalasafn.is\/index.php?rest_route=\/wp\/v2\/posts\/180","targetHints":{"allow":["GET"]}}],"collection":[{"href":"https:\/\/heradsskjalasafn.is\/index.php?rest_route=\/wp\/v2\/posts"}],"about":[{"href":"https:\/\/heradsskjalasafn.is\/index.php?rest_route=\/wp\/v2\/types\/post"}],"author":[{"embeddable":true,"href":"https:\/\/heradsskjalasafn.is\/index.php?rest_route=\/wp\/v2\/users\/2"}],"replies":[{"embeddable":true,"href":"https:\/\/heradsskjalasafn.is\/index.php?rest_route=%2Fwp%2Fv2%2Fcomments&post=180"}],"version-history":[{"count":1,"href":"https:\/\/heradsskjalasafn.is\/index.php?rest_route=\/wp\/v2\/posts\/180\/revisions"}],"predecessor-version":[{"id":181,"href":"https:\/\/heradsskjalasafn.is\/index.php?rest_route=\/wp\/v2\/posts\/180\/revisions\/181"}],"wp:attachment":[{"href":"https:\/\/heradsskjalasafn.is\/index.php?rest_route=%2Fwp%2Fv2%2Fmedia&parent=180"}],"wp:term":[{"taxonomy":"category","embeddable":true,"href":"https:\/\/heradsskjalasafn.is\/index.php?rest_route=%2Fwp%2Fv2%2Fcategories&post=180"},{"taxonomy":"post_tag","embeddable":true,"href":"https:\/\/heradsskjalasafn.is\/index.php?rest_route=%2Fwp%2Fv2%2Ftags&post=180"}],"curies":[{"name":"wp","href":"https:\/\/api.w.org\/{rel}","templated":true}]}}