{"id":178,"date":"2010-01-28T09:19:58","date_gmt":"2010-01-28T09:19:58","guid":{"rendered":"http:\/\/wp2.edge.is\/?p=178"},"modified":"2016-11-04T09:20:20","modified_gmt":"2016-11-04T09:20:20","slug":"samtok-landsnefnda-blaa-skjaldarins-og-haiti","status":"publish","type":"post","link":"https:\/\/heradsskjalasafn.is\/?p=178","title":{"rendered":"Samt\u00f6k landsnefnda Bl\u00e1a skjaldarins og Ha\u00edt\u00ed"},"content":{"rendered":"<p>Samt\u00f6k landsnefnda Bl\u00e1a skjaldarins (ANCBS) vilja a\u00f0sto\u00f0a Ha\u00edt\u00edb\u00faa og augl\u00fdsa eftir sj\u00e1lfbo\u00f0ali\u00f0um \u00far h\u00f3pi s\u00e9rfr\u00e6\u00f0inga t.d. skjalav\u00f6r\u00f0um, forv\u00f6r\u00f0um, safnv\u00f6r\u00f0um, b\u00f3kav\u00f6r\u00f0um, ark\u00edtektum o.fl. til endurheimtar, endurreisnar og vi\u00f0ger\u00f0a \u00e1 b\u00f3kas\u00f6fnum, skjalas\u00f6fnum, s\u00f6fnum, minnismerkjum og minjast\u00f6\u00f0um.<\/p>\n<p>Sj\u00e1 n\u00e1nar \u00ed <a href=\"http:\/\/www.ancbs.org\/index.php?option=com_content&amp;view=article&amp;id=104:ancbs-help-volunteering&amp;catid=21:recent-damage\" target=\"_blank\">yfirl\u00fdsingu samtaka landsnefnda Bl\u00e1a skjaldarins<\/a><\/p>\n<p><a href=\"http:\/\/www.ancbs.org\/index.php?option=com_content&amp;view=article&amp;id=103:statement-earthquake-haiti2010&amp;catid=10:statements&amp;Itemid=20\" target=\"_blank\">Yfirl\u00fdsing Al\u00fej\u00f3\u00f0anefndar bl\u00e1a skjaldarins\u00a0 ICBS um jar\u00f0skj\u00e1lftann<\/a><\/p>\n<p>H\u00e6gt er a\u00f0 fylgjast me\u00f0 <a href=\"http:\/\/www.facebook.com\/group.php?v=info&amp;gid=247281734340\" target=\"_blank\">a\u00f0ger\u00f0um Bl\u00e1a skjaldarins \u00e1 Facebook<\/a><\/p>\n<p>og <a href=\"http:\/\/twitter.com\/blueshieldcoop\" target=\"_blank\">Twitter<\/a><\/p>\n","protected":false},"excerpt":{"rendered":"<p>Samt\u00f6k landsnefnda Bl\u00e1a skjaldarins (ANCBS) vilja a\u00f0sto\u00f0a Ha\u00edt\u00edb\u00faa og augl\u00fdsa eftir sj\u00e1lfbo\u00f0ali\u00f0um \u00far h\u00f3pi s\u00e9rfr\u00e6\u00f0inga t.d. skjalav\u00f6r\u00f0um, forv\u00f6r\u00f0um, safnv\u00f6r\u00f0um, b\u00f3kav\u00f6r\u00f0um, ark\u00edtektum o.fl. til endurheimtar, endurreisnar og vi\u00f0ger\u00f0a \u00e1 b\u00f3kas\u00f6fnum, skjalas\u00f6fnum, s\u00f6fnum, minnismerkjum og minjast\u00f6\u00f0um. Sj\u00e1 n\u00e1nar \u00ed yfirl\u00fdsingu samtaka landsnefnda<\/p>\n","protected":false},"author":2,"featured_media":0,"comment_status":"closed","ping_status":"closed","sticky":false,"template":"","format":"standard","meta":{"footnotes":""},"categories":[5],"tags":[],"class_list":["post-178","post","type-post","status-publish","format-standard","hentry","category-frettir"],"_links":{"self":[{"href":"https:\/\/heradsskjalasafn.is\/index.php?rest_route=\/wp\/v2\/posts\/178","targetHints":{"allow":["GET"]}}],"collection":[{"href":"https:\/\/heradsskjalasafn.is\/index.php?rest_route=\/wp\/v2\/posts"}],"about":[{"href":"https:\/\/heradsskjalasafn.is\/index.php?rest_route=\/wp\/v2\/types\/post"}],"author":[{"embeddable":true,"href":"https:\/\/heradsskjalasafn.is\/index.php?rest_route=\/wp\/v2\/users\/2"}],"replies":[{"embeddable":true,"href":"https:\/\/heradsskjalasafn.is\/index.php?rest_route=%2Fwp%2Fv2%2Fcomments&post=178"}],"version-history":[{"count":1,"href":"https:\/\/heradsskjalasafn.is\/index.php?rest_route=\/wp\/v2\/posts\/178\/revisions"}],"predecessor-version":[{"id":179,"href":"https:\/\/heradsskjalasafn.is\/index.php?rest_route=\/wp\/v2\/posts\/178\/revisions\/179"}],"wp:attachment":[{"href":"https:\/\/heradsskjalasafn.is\/index.php?rest_route=%2Fwp%2Fv2%2Fmedia&parent=178"}],"wp:term":[{"taxonomy":"category","embeddable":true,"href":"https:\/\/heradsskjalasafn.is\/index.php?rest_route=%2Fwp%2Fv2%2Fcategories&post=178"},{"taxonomy":"post_tag","embeddable":true,"href":"https:\/\/heradsskjalasafn.is\/index.php?rest_route=%2Fwp%2Fv2%2Ftags&post=178"}],"curies":[{"name":"wp","href":"https:\/\/api.w.org\/{rel}","templated":true}]}}